{"id":24142,"date":"2023-02-26T14:52:48","date_gmt":"2023-02-26T17:52:48","guid":{"rendered":"https:\/\/wiy.com.br\/noticias\/na-ambev-mercado-premium-continua-sendo-a-ordem-da-vez\/"},"modified":"2019-07-25T14:34:11","modified_gmt":"2019-07-25T17:34:11","slug":"na-ambev-mercado-premium-continua-sendo-a-ordem-da-vez","status":"publish","type":"post","link":"https:\/\/wiy.com.br\/noticias\/na-ambev-mercado-premium-continua-sendo-a-ordem-da-vez\/","title":{"rendered":"Na Ambev, mercado premium continua sendo a ordem da vez"},"content":{"rendered":"<p> <br \/>\n<\/p>\n<p><span>O ano de 2019 vem sendo \u201cum bom ano\u201d para o conglomerado de bebidas <a href=\"https:\/\/exame.abril.com.br\/noticias-sobre\/ambev\/\"><strong>Ambev<\/strong><\/a>, como afirmou o presidente Bernardo Paiva ao apresentar <a href=\"https:\/\/exame.abril.com.br\/negocios\/lucro-da-ambev-sobe-16-e-chega-a-r-27-bilhoes-no-2o-trimestre\/\">os resultados do segundo trimestre<\/a> da empresa nesta quinta-feira. E grande parte \u00e9 gra\u00e7as \u00e0s marcas premium.\u00a0<\/span><\/p>\n<p><span>Do lan\u00e7amento da artesanal Colorado Ribeir\u00e3o Lager \u00e0s novas latas e litr\u00f5es que passam a acompanhar as garrafinhas de 330ml da Stella Artrois, o segmento premium vem sendo a estrela do ano. O volume de <a href=\"https:\/\/exame.abril.com.br\/noticias-sobre\/cerveja\/\"><strong>cerveja<\/strong><\/a> vendido pela Ambev no Brasil, seu principal mercado, subiu 2,9%, com a alta puxada pelos r\u00f3tulos mais caros, que cresceram na casa dos dois d\u00edgitos.\u00a0<\/span><\/p>\n<p><span>A Stella cresceu mais de 50% no per\u00edodo e a Ambev afirma que a Corona dobrou o volume de vendas. A brasileira Original, forte no mercado dom\u00e9stico \u2014 e que, assim como a Stella, ganhou sua vers\u00e3o em lata e ainda uma garrafa individual para acompanhar a tradicional de 600ml \u2014, tamb\u00e9m cresceu dois d\u00edgitos. Entre os lan\u00e7amentos do trimestre est\u00e1 ainda a chegada ao mercado brasileiro da alem\u00e3 Beck\u2019s, puro malte alem\u00e3 nascida em 1873.\u00a0<\/span><\/p>\n<p><span>\u201cN\u00e3o encontramos em mercados maduros cervejas que t\u00eam mais de 16% do mercado. Sab\u00edamos que o Brasil, e principalmente as cidades maiores, avan\u00e7ariam para esse cen\u00e1rio. Ent\u00e3o, construir um portf\u00f3lio \u00e9 muito, muito importante\u201d, disse Paiva em confer\u00eancia com analistas para discutir os resultados do trimestre.\u00a0<\/span><\/p>\n<p><span>A Ambev teve alta no volume de vendas e no lucro apesar de um cen\u00e1rio de crise econ\u00f4mica na Am\u00e9rica do Sul, incluindo no Brasil, seu principal mercado. Incluindo todas a opera\u00e7\u00e3o da empresa, incluindo com bebidas n\u00e3o-alco\u00f3licas, o faturamento subiu 7,2%, a 12,1 bilh\u00f5es de reais, e o lucro subiu 16,1%, chegando a 2,71 bilh\u00f5es de reais.\u00a0<\/span><\/p>\n<p><span>O Brasil foi respons\u00e1vel por quase 52% das vendas da Ambev no trimestre, com faturamento de 6,3 bilh\u00f5es de reais, a maior parte vindo de cervejas, que teve alta de 6,7% nas vendas.<\/span><\/p>\n<p><span>H\u00e1 alguns anos a Ambev tenta ampliar seu alcance para o mercado premium e deixar para tr\u00e1s a imagem de que suas principais cervejas, como Brahma e Skol, s\u00e3o de m\u00e1 qualidade. Um dos principais movimentos de \u201cgourmetiza\u00e7\u00e3o\u201d do portf\u00f3lio da Ambev foi a compra da cervejaria artesanal Colorado, em 2015. Em 2019, contudo, a estrat\u00e9gia parece estar mostrando mais resultados do que nunca.\u00a0<\/span><\/p>\n<h3><strong>Crescimento nacional<\/strong><\/h3>\n<p><span>Fora do eixo Sul-Sudeste, a empresa tenta correr atr\u00e1s do preju\u00edzo. Nos estados do Nordeste do pa\u00eds, a Ambev afirma ter apresentado crescimento acima de sua m\u00e9dia nacional. Isso porque, at\u00e9 ent\u00e3o, sua participa\u00e7\u00e3o de mercado na regi\u00e3o ainda \u201cn\u00e3o era boa\u201d e estava baixa, segundo Paiva.\u00a0<\/span><\/p>\n<p><span>Para fazer valer a promessa de \u201cOnde \u00e9 Brasil, tem que ter Ambev\u201d mostrada aos analistas em sua apresenta\u00e7\u00e3o, a Ambev lan\u00e7ou marcas espec\u00edficas para o Nordeste, as cervejas Nossa (Pernambuco) e Magn\u00edfica (Maranh\u00e3o), com ingredientes locais e pre\u00e7os mais baratos. A mais recente foi a Leg\u00edtima, no Cear\u00e1.\u00a0<\/span><\/p>\n<p><span>Apesar do crescimento na regi\u00e3o, incluindo em lugares do interior dos estados nordestinos, a diretoria da empresa admite que, por ora, o maior share ainda vem das grandes capitais brasileiras e de cidades de maior renda no Sul-Sudeste, onde o ticket m\u00e9dio \u00e9 maior.\u00a0<\/span><\/p>\n<p><span>A expectativa \u00e9 que, com a retomada na economia e aumento da renda, tamb\u00e9m regi\u00f5es mais pobres do pa\u00eds entrem na onda premium, afirmou a diretoria a analistas.\u00a0<\/span><\/p>\n<div class=\"widget-news widget-box no-margin no-border\"><span class=\"widget-news-title content-box-title\">Veja tamb\u00e9m<\/span><\/p>\n<ul class=\"widget-news-list\">\n<li class=\"widget-news-item without-thumb with-border\">\n<div class=\"widget-news-info\"><a href=\"http:\/\/exame.abril.com.br\/negocios\">NEG\u00d3CIOS<\/a><span class=\"widget-news-item-title\"><a href=\"https:\/\/exame.abril.com.br\/negocios\/na-batalha-pela-periferia-skol-deixa-a-heineken-para-tras\/\">Na batalha pela periferia, Skol deixa a Heineken para tr\u00e1s<\/a><\/span><span class=\"widget-news-item-date\">24 jan 2019 &#8211; 07h01<\/span><\/div>\n<\/li>\n<\/ul>\n<\/div>\n<p>Al\u00e9m disso, apesar da import\u00e2ncia do mercado premium, a lideran\u00e7a no Brasil ainda \u00e9 majorit\u00e1ria de produtos com r\u00f3tulo mais barato. Skol, Brahma e Antarctica, todas da Ambev, dominam o mercado nacional, com volume de 55% das vendas em 2018, segundo dados da consultoria Euromonitor. Em seguida v\u00eam Itaipava, do grupo Petr\u00f3polis (9,1% do volume), Nova Schin e Kaiser, da Heineken, e Crystal, tamb\u00e9m do Petr\u00f3polis.<\/p>\n<p><span>Por isso, mesmo as marcas que n\u00e3o est\u00e3o no guarda-chuva premium v\u00eam ganhando um esfor\u00e7o para aprimorar a imagem. O lan\u00e7amento da Skol Puro Malte no Carnaval brasileiro foi considerado \u201cmemor\u00e1vel\u201d pela diretoria da Ambev, que aposta no r\u00f3tulo como uma porta de entrada para os produtos mais caros e para agradar a um consumidor brasileiro que vem se tornando mais maduro nos gostos cervejeiros.\u00a0<\/span>A Ambev tamb\u00e9m lan\u00e7ou neste trimestre uma campanha para a &#8220;fam\u00edlia Skol&#8221;, que cont\u00e9m, al\u00e9m da Puro Malte e da Pilsen tradicional, a rec\u00e9m-lan\u00e7ada Skol Hops, tamb\u00e9m puro malte.<\/p>\n<p><a href=\"https:\/\/exame.abril.com.br\/negocios\/na-batalha-pela-periferia-skol-deixa-a-heineken-para-tras\/\">Um relat\u00f3rio do banco Credit Suisse do in\u00edcio do ano, que contou com visitas a 80 bares em S\u00e3o Paulo<\/a> (70% da mostra em regi\u00f5es afastadas), mostrou que a Skol ainda \u00e9 disparado a mais vendida na periferia. Contudo, o objetivo com o fortalecimento das marcas premium \u00e9 chegar onde n\u00e3o se chegava antes: a<span>\u00a0Original, tamb\u00e9m fabricada pela Ambev, e a holandesa\u00a0<\/span><strong><a href=\"https:\/\/exame.abril.com.br\/noticias-sobre\/heineken\/\" target=\"_blank\" rel=\"noopener noreferrer\">Heineken<\/a><\/strong><span>, dona da Schin no Brasil, levaram primeiro lugar nas duas regi\u00f5es mais ricas da cidade. Na regi\u00e3o de Itaim e Vila Ol\u00edmpia, 38% dos bares sequer vendiam Skol.\u00a0<\/span><\/p>\n<h3><strong>Alta na bolsa\u00a0<\/strong><\/h3>\n<p><span>O resultado do trimestre animou os investidores, e a <a href=\"https:\/\/exame.abril.com.br\/mercados\/com-lucro-bilionario-ambev-dispara-e-e-terceira-mais-valiosa-da-bolsa\/\">a\u00e7\u00e3o da Ambev subia 7,91% \u00e0s 13h30 desta quinta-feira, para 19,38 reais<\/a>. O que foi considerado um sucesso de estrat\u00e9gias como a da Skol Puro Malte e dos r\u00f3tulos premium, seguidos dos bons resultados financeiros, fizeram a a\u00e7\u00e3o da empresa subir mais de 20% neste ano.\u00a0<\/span><\/p>\n<p><span>Em relat\u00f3rio sobre os resultados, o Bradesco aponta que o crescimento, sobretudo no Brasil, \u201cprova que as v\u00e1rias medidas da companhia (inova\u00e7\u00e3o, crescimento no Nordeste, novos produtos) foram efetivas em termos de aumentar os volumes\u201d.\u00a0<\/span><\/p>\n<div class=\"widget-news widget-box no-margin no-border\"><span class=\"widget-news-title content-box-title\">Veja tamb\u00e9m<\/span><\/p>\n<ul class=\"widget-news-list\">\n<li class=\"widget-news-item without-thumb with-border\">\n<div class=\"widget-news-info\"><a href=\"http:\/\/exame.abril.com.br\/mercados\">MERCADOS<\/a><span class=\"widget-news-item-title\"><a href=\"https:\/\/exame.abril.com.br\/mercados\/com-lucro-bilionario-ambev-dispara-e-e-terceira-mais-valiosa-da-bolsa\/\">Com lucro bilion\u00e1rio, Ambev dispara e \u00e9 terceira mais valiosa da Bolsa<\/a><\/span><span class=\"widget-news-item-date\">25 jul 2019 &#8211; 11h07<\/span><\/div>\n<\/li>\n<\/ul>\n<\/div>\n<p><span>Produzir cervejas premium, contudo, custa caro. E o por\u00e9m no otimismo fica por conta da redu\u00e7\u00e3o das margens, que ca\u00edram mais de cinco pontos percentuais no Brasil na compara\u00e7\u00e3o com o ano passado, com a margem ebitda (lucros antes de juros, impostos, deprecia\u00e7\u00e3o e amortiza\u00e7\u00e3o) a 38,1%. Os relat\u00f3rios tamb\u00e9m chamam aten\u00e7\u00e3o para o fato de que o faturamento por hectolitro subiu 3,7% diante de uma infla\u00e7\u00e3o de 3,4%.\u00a0<\/span><\/p>\n<p><span>O Bradesco, contudo, lembra que o volume do segmento premium cresceu 30% na compara\u00e7\u00e3o com o segundo trimestre de 2019, e que esse grupo tem pre\u00e7o 40% maior que a m\u00e9dia da Ambev. H\u00e1, contudo, desafios no caminho, como a concorr\u00eancia com a Heineken, cuja cerveja hom\u00f4nima ganha espa\u00e7o no segmento premium brasileiro. A queda de 9% no volume de vendas de cerveja no Brasil entre 2013 e 2018, segundo dados da Euromonitor, e uma recupera\u00e7\u00e3o lenta da economia brasileira tamb\u00e9m podem ser um freio para a empresa.\u00a0<\/span><\/p>\n<p><span>Os analistas afirmam que, apesar dos bons resultados, \u00e9 preciso esperar para ver se o bom momento na Ambev se mant\u00e9m. A l\u00edder cervejeira nacional quer usar suas mais de 20 marcas para provar que sim.\u00a0<\/span><\/p>\n<p><br \/>\n<br \/><a href=\"https:\/\/exame.abril.com.br\/negocios\/na-ambev-mercado-premium-continua-sendo-a-ordem-da-vez\/\">Fonte do Artigo <\/a><br \/>\nTags:<br \/>\n#noticias #economia #sustentabilidade #dinheiro #econom #energialimpa #brasil #tecnologia #meioambiente #engenharia #empreendedorismo #energia  #energiasolar #politica #energiasolarfotovoltaica #supermercado #solar #sucesso #financas #finanzas #qualidade #educa #bolsonaro #fotovoltaica #vendas #noticias24<\/p>\n","protected":false},"excerpt":{"rendered":"<p>O ano de 2019 vem sendo \u201cum bom ano\u201d para o conglomerado de bebidas Ambev, como afirmou o presidente Bernardo Paiva ao apresentar os resultados do segundo trimestre da empresa nesta quinta-feira. E grande parte \u00e9 gra\u00e7as \u00e0s marcas premium.\u00a0 Do lan\u00e7amento da artesanal Colorado Ribeir\u00e3o Lager \u00e0s novas latas e litr\u00f5es que passam a [&hellip;]<\/p>\n","protected":false},"author":1,"featured_media":24143,"comment_status":"open","ping_status":"open","sticky":false,"template":"","format":"standard","meta":{"footnotes":""},"categories":[1],"tags":[],"class_list":["post-24142","post","type-post","status-publish","format-standard","has-post-thumbnail","hentry","category-curso-de-copy"],"_links":{"self":[{"href":"https:\/\/wiy.com.br\/noticias\/wp-json\/wp\/v2\/posts\/24142","targetHints":{"allow":["GET"]}}],"collection":[{"href":"https:\/\/wiy.com.br\/noticias\/wp-json\/wp\/v2\/posts"}],"about":[{"href":"https:\/\/wiy.com.br\/noticias\/wp-json\/wp\/v2\/types\/post"}],"author":[{"embeddable":true,"href":"https:\/\/wiy.com.br\/noticias\/wp-json\/wp\/v2\/users\/1"}],"replies":[{"embeddable":true,"href":"https:\/\/wiy.com.br\/noticias\/wp-json\/wp\/v2\/comments?post=24142"}],"version-history":[{"count":0,"href":"https:\/\/wiy.com.br\/noticias\/wp-json\/wp\/v2\/posts\/24142\/revisions"}],"wp:featuredmedia":[{"embeddable":true,"href":"https:\/\/wiy.com.br\/noticias\/wp-json\/wp\/v2\/media\/24143"}],"wp:attachment":[{"href":"https:\/\/wiy.com.br\/noticias\/wp-json\/wp\/v2\/media?parent=24142"}],"wp:term":[{"taxonomy":"category","embeddable":true,"href":"https:\/\/wiy.com.br\/noticias\/wp-json\/wp\/v2\/categories?post=24142"},{"taxonomy":"post_tag","embeddable":true,"href":"https:\/\/wiy.com.br\/noticias\/wp-json\/wp\/v2\/tags?post=24142"}],"curies":[{"name":"wp","href":"https:\/\/api.w.org\/{rel}","templated":true}]}}