{"id":24078,"date":"2023-02-26T14:53:23","date_gmt":"2023-02-26T17:53:23","guid":{"rendered":"https:\/\/wiy.com.br\/noticias\/celular-de-um-dos-presos-tinha-app-paulo-guedes-diz-perito-da-pf\/"},"modified":"2019-07-24T22:48:10","modified_gmt":"2019-07-25T01:48:10","slug":"celular-de-um-dos-presos-tinha-app-paulo-guedes-diz-perito-da-pf","status":"publish","type":"post","link":"https:\/\/wiy.com.br\/noticias\/celular-de-um-dos-presos-tinha-app-paulo-guedes-diz-perito-da-pf\/","title":{"rendered":"Celular de um dos presos tinha app \u201cPaulo Guedes\u201d, diz perito da PF"},"content":{"rendered":"<p> <br \/>\n<\/p>\n<p>O perito criminal federal Luiz Spricigo Jr, diretor do Instituto Nacional de Criminal\u00edstica, afirmou nesta quarta-feira, 24, que o celular de um dos presos na <strong>Opera\u00e7\u00e3o Spoofing<\/strong> estava vinculado &#8220;com o nome Paulo Guedes&#8221;. A Pol\u00edcia Federal investiga uma suposta invas\u00e3o no aparelho do ministro da Economia, cujo <a href=\"https:\/\/exame.abril.com.br\/brasil\/celular-do-ministro-paulo-guedes-e-hackeado-diz-assessoria\/\" target=\"_blank\" rel=\"noopener noreferrer\">celular teria sido hackeado na noite de segunda-feira, 22<\/a>.<\/p>\n<p>&#8220;No momento da busca e apreens\u00e3o, no celular do indiv\u00edduo estava uma conta no aplicativo de mensagens vinculada com o nome <a href=\"https:\/\/exame.abril.com.br\/noticias-sobre\/paulo-guedes\/\" target=\"_blank\" rel=\"noopener noreferrer\"><strong>Paulo Guedes<\/strong><\/a>. A gente tem que confirmar isso de forma pericial, mas \u00e9 um forte indicativo de que a conta seja mesmo realmente a do ministro&#8221;, afirmou Luiz Spricigo Jr.<\/p>\n<p><a href=\"https:\/\/exame.abril.com.br\/brasil\/pf-prende-quatro-suspeitos-de-hackear-celular-de-moro\/\" target=\"_blank\" rel=\"noopener noreferrer\">A Pol\u00edcia Federal prendeu Walter Delgatti Neto, o casal Gustavo Henrique Elias Santos e Suellen Priscila de Oliveira e tamb\u00e9m Danilo Cristiano Marques<\/a>. A PF investiga supostos patrocinadores do grupo.<\/p>\n<p><a href=\"https:\/\/exame.abril.com.br\/brasil\/hacker-confessa-ter-invadido-celular-de-moro-e-centenas-de-autoridades\/\" target=\"_blank\" rel=\"noopener noreferrer\">Walter Delgatti Neto, o &#8220;Vermelho&#8221;, confessou \u00e0 Pol\u00edcia Federal<\/a> que <a href=\"https:\/\/exame.abril.com.br\/noticias-sobre\/hackers\/\" target=\"_blank\" rel=\"noopener noreferrer\"><strong>hackeou<\/strong><\/a> o ministro S\u00e9rgio Moro (Justi\u00e7a e Seguran\u00e7a P\u00fablica) o procurador Deltan Dallagnol (coordenador da Opera\u00e7\u00e3o Lava Jato no Paran\u00e1) e centenas de procuradores, ju\u00edzes e delegados federais, al\u00e9m de jornalistas. &#8220;Vermelho&#8221; acumula processos por estelionato, falsifica\u00e7\u00e3o de documentos e furto.<\/p>\n<p>Ao decretar a pris\u00e3o tempor\u00e1ria de quatro investigados, o juiz Vallisney de Souza Oliveira, da 10.\u00ba Vara Federal de Bras\u00edlia, apontou para a incompatibilidade entre as movimenta\u00e7\u00f5es financeiras e a renda mensal do casal em dois per\u00edodos de dois meses &#8211; <a href=\"https:\/\/exame.abril.com.br\/brasil\/pf-investiga-movimentacoes-de-r-627-mil-de-hackers-de-moro\/\" target=\"_blank\" rel=\"noopener noreferrer\">abril a junho de 2018 e mar\u00e7o a maio de 2019 &#8211; movimentou R$ 627 mil com renda mensal de R$ 5.058<\/a>.<\/p>\n<p><br \/>\n<br \/><a href=\"https:\/\/exame.abril.com.br\/brasil\/celular-de-um-dos-presos-tinha-app-paulo-guedes-diz-perito-da-pf\/\">Fonte do artigo <\/a><br \/>\nTags:<br \/>\n#politica #political #negocios #business #marketingdigital #empreendedorismo #marketing #emprendedores #empreender #sucesso #empresas #emprendimiento #emprendedor #empreendedor #emprender #dinheiro #dinero #empresario #vendas #liderazgo #motivacion #foco #motivacao #negocio #brasil<\/p>\n","protected":false},"excerpt":{"rendered":"<p>O perito criminal federal Luiz Spricigo Jr, diretor do Instituto Nacional de Criminal\u00edstica, afirmou nesta quarta-feira, 24, que o celular de um dos presos na Opera\u00e7\u00e3o Spoofing estava vinculado &#8220;com o nome Paulo Guedes&#8221;. A Pol\u00edcia Federal investiga uma suposta invas\u00e3o no aparelho do ministro da Economia, cujo celular teria sido hackeado na noite de [&hellip;]<\/p>\n","protected":false},"author":1,"featured_media":24079,"comment_status":"open","ping_status":"open","sticky":false,"template":"","format":"standard","meta":{"footnotes":""},"categories":[1],"tags":[],"class_list":["post-24078","post","type-post","status-publish","format-standard","has-post-thumbnail","hentry","category-curso-de-copy"],"_links":{"self":[{"href":"https:\/\/wiy.com.br\/noticias\/wp-json\/wp\/v2\/posts\/24078","targetHints":{"allow":["GET"]}}],"collection":[{"href":"https:\/\/wiy.com.br\/noticias\/wp-json\/wp\/v2\/posts"}],"about":[{"href":"https:\/\/wiy.com.br\/noticias\/wp-json\/wp\/v2\/types\/post"}],"author":[{"embeddable":true,"href":"https:\/\/wiy.com.br\/noticias\/wp-json\/wp\/v2\/users\/1"}],"replies":[{"embeddable":true,"href":"https:\/\/wiy.com.br\/noticias\/wp-json\/wp\/v2\/comments?post=24078"}],"version-history":[{"count":0,"href":"https:\/\/wiy.com.br\/noticias\/wp-json\/wp\/v2\/posts\/24078\/revisions"}],"wp:featuredmedia":[{"embeddable":true,"href":"https:\/\/wiy.com.br\/noticias\/wp-json\/wp\/v2\/media\/24079"}],"wp:attachment":[{"href":"https:\/\/wiy.com.br\/noticias\/wp-json\/wp\/v2\/media?parent=24078"}],"wp:term":[{"taxonomy":"category","embeddable":true,"href":"https:\/\/wiy.com.br\/noticias\/wp-json\/wp\/v2\/categories?post=24078"},{"taxonomy":"post_tag","embeddable":true,"href":"https:\/\/wiy.com.br\/noticias\/wp-json\/wp\/v2\/tags?post=24078"}],"curies":[{"name":"wp","href":"https:\/\/api.w.org\/{rel}","templated":true}]}}