{"id":24072,"date":"2023-02-26T15:22:47","date_gmt":"2023-02-26T18:22:47","guid":{"rendered":"https:\/\/wiy.com.br\/noticias\/comedy-central-anuncia-programa-de-comedia-com-elenco-100-feminino\/"},"modified":"2019-07-24T21:48:12","modified_gmt":"2019-07-25T00:48:12","slug":"comedy-central-anuncia-programa-de-comedia-com-elenco-100-feminino","status":"publish","type":"post","link":"https:\/\/wiy.com.br\/noticias\/comedy-central-anuncia-programa-de-comedia-com-elenco-100-feminino\/","title":{"rendered":"Comedy Central anuncia programa de com\u00e9dia com elenco 100% feminino"},"content":{"rendered":"<p> <br \/>\n<\/p>\n<p>Ap\u00f3s o sucesso de<em> A Culpa \u00e9 do Cabral<\/em>, assistido por 1,2 milh\u00f5es de pessoas em sua 6\u00aa temporada, o canal <strong>Comedy Central<\/strong> anunciou um show de com\u00e9dia com elenco totalmente feminino. O programa ser\u00e1 comandando por Cris Wersom, que divide a bancada com Arianna Nutt, Bruna Louise, Carol Zoccoli e Dad\u00e1 Coelho.<\/p>\n<p>No embalo do show masculino, o nome tamb\u00e9m \u00e9 inspirado em um personagem portugu\u00eas &#8211; dessa vez Carlota Joaquina, esposa do rei D. Jo\u00e3o VI. O roteiro tratar\u00e1 em um tom sarc\u00e1stico e c\u00f4mico costumes regionais do Brasil.<\/p>\n<p>As grava\u00e7\u00f5es acontecem entre 31 de julho e 3 de agosto no Teatro Gazeta, em S\u00e3o Paulo. Ser\u00e3o treze epis\u00f3dios no total, com uma hora de dura\u00e7\u00e3o cada. Quem quiser assistir de pertinho (e for maior de 18 anos) deve se inscrever no <a href=\"https:\/\/www.comedycentral.com.br\/legal\/m8syh2\/concurso-carlotta\">site<\/a>. Aten\u00e7\u00e3o: a inscri\u00e7\u00e3o n\u00e3o garante a participa\u00e7\u00e3o. \u00c9 necess\u00e1rio aguardar a confirma\u00e7\u00e3o da produ\u00e7\u00e3o, que deve enviar o convite eletr\u00f4nico por e-mail. Ainda n\u00e3o h\u00e1 previs\u00e3o para quando o show ir\u00e1 ao ar.<\/p>\n<p><br \/>\n<br \/><a href=\"https:\/\/vejasp.abril.com.br\/cidades\/comedy-central-a-culpa-e-da-carlota-elenco-feminino\/\">Fonte do Artigo <\/a><br \/>\nTags:<br \/>\n#loterias #loteriascaixa #megasena #resultadoapostas#noticias #noticiario  #noticia #brasil #noticiascolombia #mundo #esporte #colombia #noticiadeld #ltimasnoticias  #noticiario #noticiasregionales #noticiasdepartamentales #noticiashoy #esportes #noticiaahora #elinformantenoticias #noticiasdeboyac  #esporteinterativo #esportivo #diariodosesportes  #noticiero  #jogodefutebol #jogos #loto #apostas<\/p>\n","protected":false},"excerpt":{"rendered":"<p>Ap\u00f3s o sucesso de A Culpa \u00e9 do Cabral, assistido por 1,2 milh\u00f5es de pessoas em sua 6\u00aa temporada, o canal Comedy Central anunciou um show de com\u00e9dia com elenco totalmente feminino. O programa ser\u00e1 comandando por Cris Wersom, que divide a bancada com Arianna Nutt, Bruna Louise, Carol Zoccoli e Dad\u00e1 Coelho. No embalo [&hellip;]<\/p>\n","protected":false},"author":1,"featured_media":24073,"comment_status":"open","ping_status":"open","sticky":false,"template":"","format":"standard","meta":{"footnotes":""},"categories":[1],"tags":[],"class_list":["post-24072","post","type-post","status-publish","format-standard","has-post-thumbnail","hentry","category-curso-de-copy"],"_links":{"self":[{"href":"https:\/\/wiy.com.br\/noticias\/wp-json\/wp\/v2\/posts\/24072","targetHints":{"allow":["GET"]}}],"collection":[{"href":"https:\/\/wiy.com.br\/noticias\/wp-json\/wp\/v2\/posts"}],"about":[{"href":"https:\/\/wiy.com.br\/noticias\/wp-json\/wp\/v2\/types\/post"}],"author":[{"embeddable":true,"href":"https:\/\/wiy.com.br\/noticias\/wp-json\/wp\/v2\/users\/1"}],"replies":[{"embeddable":true,"href":"https:\/\/wiy.com.br\/noticias\/wp-json\/wp\/v2\/comments?post=24072"}],"version-history":[{"count":0,"href":"https:\/\/wiy.com.br\/noticias\/wp-json\/wp\/v2\/posts\/24072\/revisions"}],"wp:featuredmedia":[{"embeddable":true,"href":"https:\/\/wiy.com.br\/noticias\/wp-json\/wp\/v2\/media\/24073"}],"wp:attachment":[{"href":"https:\/\/wiy.com.br\/noticias\/wp-json\/wp\/v2\/media?parent=24072"}],"wp:term":[{"taxonomy":"category","embeddable":true,"href":"https:\/\/wiy.com.br\/noticias\/wp-json\/wp\/v2\/categories?post=24072"},{"taxonomy":"post_tag","embeddable":true,"href":"https:\/\/wiy.com.br\/noticias\/wp-json\/wp\/v2\/tags?post=24072"}],"curies":[{"name":"wp","href":"https:\/\/api.w.org\/{rel}","templated":true}]}}