{"id":2407,"date":"2023-02-26T15:09:26","date_gmt":"2023-02-26T18:09:26","guid":{"rendered":"https:\/\/wiy.com.br\/noticias\/concessionarias-nao-cobram-pedagio-a-socorro-em-brumadinho\/"},"modified":"2019-01-29T18:23:50","modified_gmt":"2019-01-29T20:23:50","slug":"concessionarias-nao-cobram-pedagio-a-socorro-em-brumadinho","status":"publish","type":"post","link":"https:\/\/wiy.com.br\/noticias\/concessionarias-nao-cobram-pedagio-a-socorro-em-brumadinho\/","title":{"rendered":"Concession\u00e1rias n\u00e3o cobram ped\u00e1gio a socorro em Brumadinho"},"content":{"rendered":"<p> <br \/>\n<\/p>\n<p>As empresas concession\u00e1rias que operam em rodovias que fazem liga\u00e7\u00e3o com <strong><a href=\"https:\/\/exame.abril.com.br\/noticias-sobre\/brumadinho\/\" target=\"_blank\" rel=\"noopener\">Brumadinho<\/a><\/strong> (MG) n\u00e3o est\u00e3o cobrando ped\u00e1gio de ambul\u00e2ncias, carros de bombeiro e ve\u00edculos especiais e oficiais (chapa branca) transportando equipes que atuam ap\u00f3s o rompimento da barragem de rejeitos da mineradora Vale.<\/p>\n<p>A isen\u00e7\u00e3o atende a pedido do ministro de Infraestrutura, Tarc\u00edsio Gomes de Freitas. Conforme ele postou no Twitter, as concession\u00e1rias atenderam o pedido feito por ele.<\/p>\n<p>Informa\u00e7\u00e3o importante: as concession\u00e1rias @MGORodovias, @via_040 e @triunfoconcebra atenderam ao nosso pedido e ir\u00e3o liberar o ped\u00e1gio para ambul\u00e2ncias, carros de bombeiro e ve\u00edculos especiais que est\u00e3o usando as rodovias diariamente com destino a Brumadinho. Agrade\u00e7o \u00e0s empresas.<\/p>\n<div class=\"embed-twitter\">\n<blockquote class=\"twitter-tweet\">\n<p lang=\"pt\" dir=\"ltr\">Informa\u00e7\u00e3o importante: as concession\u00e1rias <a href=\"https:\/\/twitter.com\/MGORodovias?ref_src=twsrc%5Etfw\">@MGORodovias<\/a>, <a href=\"https:\/\/twitter.com\/via_040?ref_src=twsrc%5Etfw\">@via_040<\/a> e <a href=\"https:\/\/twitter.com\/triunfoconcebra?ref_src=twsrc%5Etfw\">@triunfoconcebra<\/a> atenderam ao nosso pedido e ir\u00e3o liberar o ped\u00e1gio para ambul\u00e2ncias, carros de bombeiro e ve\u00edculos especiais que est\u00e3o usando as rodovias diariamente com destino a Brumadinho. Agrade\u00e7o \u00e0s empresas<\/p>\n<p>&mdash; Tarc\u00edsio Gomes de Freitas (@tarcisiogdf) <a href=\"https:\/\/twitter.com\/tarcisiogdf\/status\/1090288056551309312?ref_src=twsrc%5Etfw\">January 29, 2019<\/a><\/p>\n<\/blockquote>\n<\/div>\n<p>As concession\u00e1rias liberaram a cobran\u00e7a do ped\u00e1gio na BR-040 (custo de R$ 5,30 para rodagem simples se autom\u00f3vel, furg\u00e3o e camionete); BR 050 (R$ 6,80); BR 262 (R$ 4,20); e BR 381 (R$ 2,40). Os valores est\u00e3o dispon\u00edveis no site da Ag\u00eancia Nacional de Transportes Terrestres (ANTT). Todas essas rodovias federais fazem liga\u00e7\u00e3o com a MG 040, que leva a Brumadinho.<\/p>\n<p><script async src=\"http:\/\/platform.twitter.com\/widgets.js\" charset=\"utf-8\"><\/script><br \/>\n<br \/><br \/>\n<br \/><a href=\"https:\/\/exame.abril.com.br\/brasil\/concessionarias-nao-cobram-pedagio-a-socorro-em-brumadinho\/\">Source link <\/a><\/p>\n","protected":false},"excerpt":{"rendered":"<p>As empresas concession\u00e1rias que operam em rodovias que fazem liga\u00e7\u00e3o com Brumadinho (MG) n\u00e3o est\u00e3o cobrando ped\u00e1gio de ambul\u00e2ncias, carros de bombeiro e ve\u00edculos especiais e oficiais (chapa branca) transportando equipes que atuam ap\u00f3s o rompimento da barragem de rejeitos da mineradora Vale. A isen\u00e7\u00e3o atende a pedido do ministro de Infraestrutura, Tarc\u00edsio Gomes de [&hellip;]<\/p>\n","protected":false},"author":1,"featured_media":2408,"comment_status":"open","ping_status":"open","sticky":false,"template":"","format":"standard","meta":{"footnotes":""},"categories":[337],"tags":[],"class_list":["post-2407","post","type-post","status-publish","format-standard","has-post-thumbnail","hentry","category-noticias"],"_links":{"self":[{"href":"https:\/\/wiy.com.br\/noticias\/wp-json\/wp\/v2\/posts\/2407","targetHints":{"allow":["GET"]}}],"collection":[{"href":"https:\/\/wiy.com.br\/noticias\/wp-json\/wp\/v2\/posts"}],"about":[{"href":"https:\/\/wiy.com.br\/noticias\/wp-json\/wp\/v2\/types\/post"}],"author":[{"embeddable":true,"href":"https:\/\/wiy.com.br\/noticias\/wp-json\/wp\/v2\/users\/1"}],"replies":[{"embeddable":true,"href":"https:\/\/wiy.com.br\/noticias\/wp-json\/wp\/v2\/comments?post=2407"}],"version-history":[{"count":0,"href":"https:\/\/wiy.com.br\/noticias\/wp-json\/wp\/v2\/posts\/2407\/revisions"}],"wp:featuredmedia":[{"embeddable":true,"href":"https:\/\/wiy.com.br\/noticias\/wp-json\/wp\/v2\/media\/2408"}],"wp:attachment":[{"href":"https:\/\/wiy.com.br\/noticias\/wp-json\/wp\/v2\/media?parent=2407"}],"wp:term":[{"taxonomy":"category","embeddable":true,"href":"https:\/\/wiy.com.br\/noticias\/wp-json\/wp\/v2\/categories?post=2407"},{"taxonomy":"post_tag","embeddable":true,"href":"https:\/\/wiy.com.br\/noticias\/wp-json\/wp\/v2\/tags?post=2407"}],"curies":[{"name":"wp","href":"https:\/\/api.w.org\/{rel}","templated":true}]}}