{"id":23757,"date":"2023-02-26T15:01:17","date_gmt":"2023-02-26T18:01:17","guid":{"rendered":"https:\/\/wiy.com.br\/noticias\/curtas-uma-selecao-do-mais-importante-no-brasil-e-no-mundo-10\/"},"modified":"2019-07-22T07:43:10","modified_gmt":"2019-07-22T10:43:10","slug":"curtas-uma-selecao-do-mais-importante-no-brasil-e-no-mundo-10","status":"publish","type":"post","link":"https:\/\/wiy.com.br\/noticias\/curtas-uma-selecao-do-mais-importante-no-brasil-e-no-mundo-10\/","title":{"rendered":"Curtas \u2013 uma sele\u00e7\u00e3o do mais importante no Brasil e no mundo"},"content":{"rendered":"<p> <br \/>\n<\/p>\n<p><strong><a href=\"https:\/\/exame.abril.com.br\/economia\/orcamento-tera-novo-corte-de-r-25-bi-diz-bolsonaro\/\" target=\"_blank\" rel=\"noopener noreferrer\">Corte no or\u00e7amento<\/a> <\/strong><\/p>\n<p>Um novo corte no Or\u00e7amento de 2019 do governo federal, de 2,5 bilh\u00f5es de reais, est\u00e1 previsto para esta segunda-feira 22, quando ser\u00e1 divulgado o relat\u00f3rio bimestral de receitas e despesas, pelo secret\u00e1rio especial de Fazenda do Minist\u00e9rio da Economia, Waldery Rodrigues, \u00e0s 14h40 (de Bras\u00edlia). psNo \u00faltimo s\u00e1bado, o presidente Jair Bolsonaro antecipou a informa\u00e7\u00e3o em conversa com jornalistas, quando classificou o valor como uma \u201cmerreca\u201d e afirmou que apenas um minist\u00e9rio ser\u00e1 atingido \u2013 sem, no entanto, revelar o nome da pasta.<\/p>\n<p><a href=\"https:\/\/exame.abril.com.br\/brasil\/joice-afirma-que-teve-celular-invadido-na-madrugada-deste-domingo\/\" target=\"_blank\" rel=\"noopener noreferrer\"><strong>Celular clonado<\/strong><\/a><\/p>\n<p>A l\u00edder do governo no Congresso Nacional, deputada Joice Hasselmann (PSL-SP), afirmou que teve o celular clonado na madrugada deste domingo (21). Em v\u00eddeo publicado em suas redes sociais, a parlamentar diz ter recebido liga\u00e7\u00f5es de seu pr\u00f3prio n\u00famero, como ocorreu com o ministro da Justi\u00e7a e Seguran\u00e7a P\u00fablica, Sergio Moro, que teve o celular invadido em junho. Joice afirmou tamb\u00e9m que j\u00e1 est\u00e1 comunicando as autoridades sobre o ocorrido. Para ela, o criminoso respons\u00e1vel pelo ataque \u00e9 \u201cprovavelmente da mesma gangue que invadiu o celular de Moro\u201d e de procuradores da Rep\u00fablica.<\/p>\n<p><a href=\"https:\/\/exame.abril.com.br\/brasil\/the-intercept-deltan-disse-que-moro-poderia-proteger-flavio-bolsonaro\/\" target=\"_blank\" rel=\"noopener noreferrer\"><strong>Deltan: Moro protegia Fl\u00e1vio?<\/strong><\/a><\/p>\n<p>Deltan Dallagnol concordou que Fl\u00e1vio Bolsonaro, ex-deputado pelo PSL-RJ e filho do presidente Jair Bolsonaro, mantinha um esquema de corrup\u00e7\u00e3o em seu gabinete operado pelo assessor Fabr\u00edcio Queiroz. \u00c9 o que aponta mensagens vazadas entre o coordenador da Lava Jato e procuradores do Minist\u00e9rio P\u00fablico Federal, divulgadas neste domingo (21) pelo \u201cThe Intercept\u201d. Nas mensagens, Dallagnol chega a afirmar que o atual senador \u201ccertamente\u201d seria implicado no esquema. Contudo, logo depois, demonstra preocupa\u00e7\u00e3o de que o juiz S\u00e9rgio Moro n\u00e3o investigasse Fl\u00e1vio por press\u00e3o do presidente rec\u00e9m-eleito e pelo objetivo do juiz em tentar uma vaga no Supremo Tribunal Federal (STF).<\/p>\n<p><a href=\"https:\/\/exame.abril.com.br\/mundo\/moradores-e-bombeiros-lutam-contra-as-chamas-em-regiao-central-de-portugal\/\" target=\"_blank\" rel=\"noopener noreferrer\"><strong>Inc\u00eandios em Portugal<\/strong><\/a><\/p>\n<p>Ao menos 30 pessoas ficaram feridas por conta de um inc\u00eandio florestal na regi\u00e3o do distrito de Castelo Branco, no centro de Portugal. Enquanto as chamas amea\u00e7avam vilas na tarde deste domingo 21, moradores locais foram for\u00e7ados a resolver o problema com as pr\u00f3prias m\u00e3os, protegendo suas casas de grandes inc\u00eandios com baldes de \u00e1gua e mangueiras dom\u00e9sticas contra chamas alimentadas por fortes ventos. O distrito de Castelo Branco est\u00e1 localizado a 225 quil\u00f4metros a nordeste de Lisboa. As chamas ainda queimam e, espalhando-se para o distrito pr\u00f3ximo de Santar\u00e9m, elas agora amea\u00e7am v\u00e1rias vilas dos munic\u00edpios de Vila de Rei e Ma\u00e7\u00e3o.<\/p>\n<p><a href=\"https:\/\/exame.abril.com.br\/mundo\/pompeo-reconhece-avancos-do-mexico-em-reducao-da-migracao-irregular\/\" target=\"_blank\" rel=\"noopener noreferrer\"><strong>Pompeo reconhece avan\u00e7os do M\u00e9xico<\/strong><\/a><\/p>\n<p>O secret\u00e1rio de Estado americano, Mike Pompeo, reconheceu neste domingo \u201cos avan\u00e7os significativos\u201d do M\u00e9xico para frear a migra\u00e7\u00e3o ilegal, afirmou a chancelaria mexicana em um comunicado. Pompeo se reuniu neste domingo com o chanceler mexicano Marcelo Ebrard, no \u00e2mbito de uma viagem pela Am\u00e9rica Latina que incluiu escalas na Argentina e no Equador. A viagem de Pompeo terminou em El Salvador, aonde o secret\u00e1rio de Estado chegou na tarde deste domingo para se reunir com o presidente Nayib Bukele. Al\u00e9m da quest\u00e3o migrat\u00f3ria, tamb\u00e9m foi abordado no M\u00e9xico o tema do dinheiro do narcotraficante Joaqu\u00edn \u201cEl Chapo\u201d Guzm\u00e1n, condenado na semana passada \u00e0 pris\u00e3o perp\u00e9tua nos Estados Unidos, assim como o tr\u00e1fico ilegal de armas americanas para o M\u00e9xico.<\/p>\n<p><br \/>\n<br \/><a href=\"https:\/\/exame.abril.com.br\/brasil\/corte-de-r-25-bi-no-orcamento-celular-de-joice-clonado\/\">Fonte do artigo <\/a><br \/>\nTags:<br \/>\n#politica #political #negocios #business #marketingdigital #empreendedorismo #marketing #emprendedores #empreender #sucesso #empresas #emprendimiento #emprendedor #empreendedor #emprender #dinheiro #dinero #empresario #vendas #liderazgo #motivacion #foco #motivacao #negocio #brasil<\/p>\n","protected":false},"excerpt":{"rendered":"<p>Corte no or\u00e7amento Um novo corte no Or\u00e7amento de 2019 do governo federal, de 2,5 bilh\u00f5es de reais, est\u00e1 previsto para esta segunda-feira 22, quando ser\u00e1 divulgado o relat\u00f3rio bimestral de receitas e despesas, pelo secret\u00e1rio especial de Fazenda do Minist\u00e9rio da Economia, Waldery Rodrigues, \u00e0s 14h40 (de Bras\u00edlia). psNo \u00faltimo s\u00e1bado, o presidente Jair [&hellip;]<\/p>\n","protected":false},"author":1,"featured_media":23758,"comment_status":"open","ping_status":"open","sticky":false,"template":"","format":"standard","meta":{"footnotes":""},"categories":[1],"tags":[],"class_list":["post-23757","post","type-post","status-publish","format-standard","has-post-thumbnail","hentry","category-curso-de-copy"],"_links":{"self":[{"href":"https:\/\/wiy.com.br\/noticias\/wp-json\/wp\/v2\/posts\/23757","targetHints":{"allow":["GET"]}}],"collection":[{"href":"https:\/\/wiy.com.br\/noticias\/wp-json\/wp\/v2\/posts"}],"about":[{"href":"https:\/\/wiy.com.br\/noticias\/wp-json\/wp\/v2\/types\/post"}],"author":[{"embeddable":true,"href":"https:\/\/wiy.com.br\/noticias\/wp-json\/wp\/v2\/users\/1"}],"replies":[{"embeddable":true,"href":"https:\/\/wiy.com.br\/noticias\/wp-json\/wp\/v2\/comments?post=23757"}],"version-history":[{"count":0,"href":"https:\/\/wiy.com.br\/noticias\/wp-json\/wp\/v2\/posts\/23757\/revisions"}],"wp:featuredmedia":[{"embeddable":true,"href":"https:\/\/wiy.com.br\/noticias\/wp-json\/wp\/v2\/media\/23758"}],"wp:attachment":[{"href":"https:\/\/wiy.com.br\/noticias\/wp-json\/wp\/v2\/media?parent=23757"}],"wp:term":[{"taxonomy":"category","embeddable":true,"href":"https:\/\/wiy.com.br\/noticias\/wp-json\/wp\/v2\/categories?post=23757"},{"taxonomy":"post_tag","embeddable":true,"href":"https:\/\/wiy.com.br\/noticias\/wp-json\/wp\/v2\/tags?post=23757"}],"curies":[{"name":"wp","href":"https:\/\/api.w.org\/{rel}","templated":true}]}}