{"id":23594,"date":"2023-02-26T15:04:04","date_gmt":"2023-02-26T18:04:04","guid":{"rendered":"https:\/\/wiy.com.br\/noticias\/chef-henrique-fogaca-sofre-acidente-de-moto\/"},"modified":"2019-07-19T17:39:52","modified_gmt":"2019-07-19T20:39:52","slug":"chef-henrique-fogaca-sofre-acidente-de-moto","status":"publish","type":"post","link":"https:\/\/wiy.com.br\/noticias\/chef-henrique-fogaca-sofre-acidente-de-moto\/","title":{"rendered":"Chef Henrique Foga\u00e7a sofre acidente de moto"},"content":{"rendered":"<p> <br \/>\n<\/p>\n<p><span>Um dos jurados do reality show <em>MasterChef<\/em>, <strong>Henrique\u00a0<\/strong><\/span><span><strong>Foga\u00e7a<\/strong>, de 45 anos, <\/span><span><strong>sofreu um acidente de moto na manh\u00e3 desta sexta (19) quando participava de um passeio ao lado dos<\/strong> <strong>amigos<\/strong> em Ribeir\u00e3o Preto, no interior do estado. Ap\u00f3s o ocorrido, ele usou as redes sociais para acalmar seus seguidores.<\/span><\/p>\n<p><span>L\u00facido e de bom humor, o cozinheiro se gravou deitado na cama de um centro m\u00e9dico ao lado de um amigo e com uma enfermeira. &#8220;Costelinha trincada e meu parceiro aqui. Firmeza total&#8221;, disse.<\/span><\/p>\n<p><span>Na legenda da foto em que aparece ainda no hospital, descreveu o saldo de danos. &#8220;Hoje foi dia de fraturar algumas costelas, zoar o joelho e a m\u00e3o&#8221;, escreveu.<\/span><\/p>\n<blockquote class=\"instagram-media\" data-instgrm-captioned data-instgrm-permalink=\"https:\/\/www.instagram.com\/p\/B0GXL52oXye\/\" data-instgrm-version=\"12\">\n<div> <a href=\"https:\/\/www.instagram.com\/p\/B0GXL52oXye\/\" target=\"_blank\" rel=\"noopener noreferrer\"> <\/p>\n<div>\n<div><\/div>\n<div>\n<div><\/div>\n<div><\/div>\n<\/div>\n<\/div>\n<div><\/div>\n<div><\/div>\n<div>\n<div> View this post on Instagram<\/div>\n<\/div>\n<div><\/div>\n<div>\n<div>\n<div><\/div>\n<div><\/div>\n<div><\/div>\n<\/div>\n<div>\n<div><\/div>\n<div><\/div>\n<\/div>\n<div>\n<div><\/div>\n<div><\/div>\n<div><\/div>\n<\/div>\n<\/div>\n<p><\/a> <\/p>\n<p> <a href=\"https:\/\/www.instagram.com\/p\/B0GXL52oXye\/\" target=\"_blank\" rel=\"noopener noreferrer\">Hoje foi de dia de fraturar algumas costelas,zuar o joelho e a m\u00e3o <img title = \"[Tags]\"decoding=\"async\" src=\"https:\/\/s0.wp.com\/wp-content\/mu-plugins\/wpcom-smileys\/twemoji\/2\/72x72\/1f3e5.png\"alt = \"1f3e5 Chef Henrique Foga\u00e7a sofre acidente de moto\" class=\"wp-smiley\" \/><\/a><\/p>\n<p>A post shared by <a href=\"https:\/\/www.instagram.com\/henrique_fogaca74\/\" target=\"_blank\" rel=\"noopener noreferrer\"> HENRIQUE FOGA\u00c7A<\/a> (@henrique_fogaca74) on Jul 19, 2019 at 6:06am PDT<\/p>\n<\/div>\n<\/blockquote>\n<p>Seu amigo, identificado nas redes como &#8220;Beto Loko&#8221;, tamb\u00e9m publicou uma imagem ao lado do chef nas redes sociais. &#8220;No hospital com meu brother, moto foi feita para cair, \u00e0s vezes ela te vence&#8221;, escreveu.<\/p>\n<blockquote class=\"instagram-media\" data-instgrm-captioned data-instgrm-permalink=\"https:\/\/www.instagram.com\/p\/B0G-snWItgH\/\" data-instgrm-version=\"12\">\n<div> <a href=\"https:\/\/www.instagram.com\/p\/B0G-snWItgH\/\" target=\"_blank\" rel=\"noopener noreferrer\"> <\/p>\n<div>\n<div><\/div>\n<div>\n<div><\/div>\n<div><\/div>\n<\/div>\n<\/div>\n<div><\/div>\n<div><\/div>\n<div>\n<div> View this post on Instagram<\/div>\n<\/div>\n<div><\/div>\n<div>\n<div>\n<div><\/div>\n<div><\/div>\n<div><\/div>\n<\/div>\n<div>\n<div><\/div>\n<div><\/div>\n<\/div>\n<div>\n<div><\/div>\n<div><\/div>\n<div><\/div>\n<\/div>\n<\/div>\n<p><\/a> <\/p>\n<p> <a href=\"https:\/\/www.instagram.com\/p\/B0G-snWItgH\/\" target=\"_blank\" rel=\"noopener noreferrer\">Saldo de hoje: -2 Costelas  quebradas <img title = \"[Tags]\"decoding=\"async\" src=\"https:\/\/s0.wp.com\/wp-content\/mu-plugins\/wpcom-smileys\/twemoji\/2\/72x72\/1f9b4.png\"alt = \"1f3e5 Chef Henrique Foga\u00e7a sofre acidente de moto\" class=\"wp-smiley\" \/> -1 Dedo quebrado <img title = \"[Tags]\"decoding=\"async\" src=\"https:\/\/s0.wp.com\/wp-content\/mu-plugins\/wpcom-smileys\/twemoji\/2\/72x72\/1f44e-1f3fb.png\"alt = \"1f3e5 Chef Henrique Foga\u00e7a sofre acidente de moto\" class=\"wp-smiley\" \/> -Alguns ralados Obrigado a todas pessoas que est\u00e3o me mandando mensagens positivas para a minha recupera\u00e7\u00e3o <img title = \"[Tags]\"decoding=\"async\" src=\"https:\/\/s0.wp.com\/wp-content\/mu-plugins\/wpcom-smileys\/twemoji\/2\/72x72\/2764.png\"alt = \"1f3e5 Chef Henrique Foga\u00e7a sofre acidente de moto\" class=\"wp-smiley\" \/><img title = \"[Tags]\"decoding=\"async\" src=\"https:\/\/s0.wp.com\/wp-content\/mu-plugins\/wpcom-smileys\/twemoji\/2\/72x72\/1f5a4.png\"alt = \"1f3e5 Chef Henrique Foga\u00e7a sofre acidente de moto\" class=\"wp-smiley\" \/><img title = \"[Tags]\"decoding=\"async\" src=\"https:\/\/s0.wp.com\/wp-content\/mu-plugins\/wpcom-smileys\/twemoji\/2\/72x72\/1f64f-1f3fc.png\"alt = \"1f3e5 Chef Henrique Foga\u00e7a sofre acidente de moto\" class=\"wp-smiley\" \/><\/a><\/p>\n<p>A post shared by <a href=\"https:\/\/www.instagram.com\/henrique_fogaca74\/\" target=\"_blank\" rel=\"noopener noreferrer\"> HENRIQUE FOGA\u00c7A<\/a> (@henrique_fogaca74) on Jul 19, 2019 at 11:52am PDT<\/p>\n<\/div>\n<\/blockquote>\n<p>Com informa\u00e7\u00f5es de\u00a0<em>Estad\u00e3o Conte\u00fado<\/em><\/p>\n<p><script async defer src=\"http:\/\/platform.instagram.com\/en_US\/embeds.js\"><\/script><br \/>\n<br \/><br \/>\n<br \/><a href=\"https:\/\/vejasp.abril.com.br\/cidades\/fogaca-acidente-moto\/\">Fonte do Artigo <\/a><br \/>\nTags:<br \/>\n#noticias #noticiario #a #noticia #brasil #noticiascolombia #mundo #esporte #colombia #noticiadeld #ltimasnoticias #noticiasald #noticiasboyac #noticiasregionales #noticiasdepartamentales #noticiashoy #esportes #noticiaahora #elinformantenoticias #noticiasdeboyac #hoy #esporteinterativo #esportivo #diariodosesportes #dde #noticiero #fut #jogodefutebol #jogos<\/p>\n","protected":false},"excerpt":{"rendered":"<p>Um dos jurados do reality show MasterChef, Henrique\u00a0Foga\u00e7a, de 45 anos, sofreu um acidente de moto na manh\u00e3 desta sexta (19) quando participava de um passeio ao lado dos amigos em Ribeir\u00e3o Preto, no interior do estado. Ap\u00f3s o ocorrido, ele usou as redes sociais para acalmar seus seguidores. L\u00facido e de bom humor, o [&hellip;]<\/p>\n","protected":false},"author":1,"featured_media":23595,"comment_status":"open","ping_status":"open","sticky":false,"template":"","format":"standard","meta":{"footnotes":""},"categories":[1],"tags":[],"class_list":["post-23594","post","type-post","status-publish","format-standard","has-post-thumbnail","hentry","category-curso-de-copy"],"_links":{"self":[{"href":"https:\/\/wiy.com.br\/noticias\/wp-json\/wp\/v2\/posts\/23594","targetHints":{"allow":["GET"]}}],"collection":[{"href":"https:\/\/wiy.com.br\/noticias\/wp-json\/wp\/v2\/posts"}],"about":[{"href":"https:\/\/wiy.com.br\/noticias\/wp-json\/wp\/v2\/types\/post"}],"author":[{"embeddable":true,"href":"https:\/\/wiy.com.br\/noticias\/wp-json\/wp\/v2\/users\/1"}],"replies":[{"embeddable":true,"href":"https:\/\/wiy.com.br\/noticias\/wp-json\/wp\/v2\/comments?post=23594"}],"version-history":[{"count":0,"href":"https:\/\/wiy.com.br\/noticias\/wp-json\/wp\/v2\/posts\/23594\/revisions"}],"wp:featuredmedia":[{"embeddable":true,"href":"https:\/\/wiy.com.br\/noticias\/wp-json\/wp\/v2\/media\/23595"}],"wp:attachment":[{"href":"https:\/\/wiy.com.br\/noticias\/wp-json\/wp\/v2\/media?parent=23594"}],"wp:term":[{"taxonomy":"category","embeddable":true,"href":"https:\/\/wiy.com.br\/noticias\/wp-json\/wp\/v2\/categories?post=23594"},{"taxonomy":"post_tag","embeddable":true,"href":"https:\/\/wiy.com.br\/noticias\/wp-json\/wp\/v2\/tags?post=23594"}],"curies":[{"name":"wp","href":"https:\/\/api.w.org\/{rel}","templated":true}]}}