{"id":23470,"date":"2023-02-26T15:28:59","date_gmt":"2023-02-26T18:28:59","guid":{"rendered":"https:\/\/wiy.com.br\/noticias\/nos-200-dias-onyx-celebra-reforma-e-espera-r-100-bi-na-cessao-onerosa\/"},"modified":"2019-07-18T19:12:46","modified_gmt":"2019-07-18T22:12:46","slug":"nos-200-dias-onyx-celebra-reforma-e-espera-r-100-bi-na-cessao-onerosa","status":"publish","type":"post","link":"https:\/\/wiy.com.br\/noticias\/nos-200-dias-onyx-celebra-reforma-e-espera-r-100-bi-na-cessao-onerosa\/","title":{"rendered":"Nos 200 dias, Onyx celebra reforma e espera R$ 100 bi na cess\u00e3o onerosa"},"content":{"rendered":"<p> <br \/>\n<\/p>\n<p><span>O ministro da Casa Civil, <a href=\"https:\/\/exame.abril.com.br\/noticias-sobre\/onyx-lorenzoni\/\"><strong>Onyx Lorenzoni<\/strong><\/a>, afirmou, durante a celebra\u00e7\u00e3o pelos 200 dias do <strong><a href=\"https:\/\/exame.abril.com.br\/noticias-sobre\/governo-bolsonaro\/\">governo Bolsonaro<\/a><\/strong>, que o foco da gest\u00e3o at\u00e9 agora tem sido o crescimento do pa\u00eds por meio do investimento de recursos oriundos de privatiza\u00e7\u00f5es e concess\u00f5es. <\/span><\/p>\n<p><span>Ele destacou, tamb\u00e9m, a aprova\u00e7\u00e3o em<a href=\"https:\/\/exame.abril.com.br\/economia\/camara-acaba-1o-turno-da-reforma-com-mudancas-para-mulheres-e-professores\/\"> primeiro turno da reforma da Previd\u00eancia<\/a> pela C\u00e2mara dos Deputados e o leil\u00e3o de petr\u00f3leo da cess\u00e3o onerosa.\u00a0<\/span><\/p>\n<p><span>&#8220;Nosso governo tem sim perfil liberal conservador. J\u00e1 estamos tirando passo a passo o peso do Estado sobre a cidadania. Mudar a cultura de tr\u00eas d\u00e9cadas \u00e9 trabalho \u00e1rduo. Sab\u00edamos que n\u00e3o seria f\u00e1cil. Mas liderados pelo senhor sab\u00edamos que t\u00ednhamos um norte, com lideran\u00e7a e compromisso que o senhor reitera a cada reuni\u00e3o ministerial&#8221;, disse. O ministro afirmou tamb\u00e9m que o PPI ser\u00e1 &#8220;fortalecido e agilizado&#8221; pelo governo.<\/span><\/p>\n<p>&nbsp;<\/p>\n<div class=\"widget-news widget-box no-margin no-border\"><span class=\"widget-news-title content-box-title\">Veja tamb\u00e9m<\/span><\/p>\n<ul class=\"widget-news-list\">\n<li class=\"widget-news-item without-thumb with-border\">\n<div class=\"widget-news-info\"><a href=\"http:\/\/exame.abril.com.br\/brasil\">BRASIL<\/a><span class=\"widget-news-item-title\"><a href=\"https:\/\/exame.abril.com.br\/brasil\/bolsonaro-diz-ter-certeza-que-eduardo-sera-aprovado-em-sabatina-no-senado\/\">Bolsonaro diz ter certeza que Eduardo ser\u00e1 aprovado em sabatina no Senado<\/a><\/span><span class=\"widget-news-item-date\">18 jul 2019 &#8211; 18h07<\/span><\/div>\n<\/li>\n<li class=\"widget-news-item without-thumb with-border\">\n<div class=\"widget-news-info\"><a href=\"http:\/\/exame.abril.com.br\/economia\">ECONOMIA<\/a><span class=\"widget-news-item-title\"><a href=\"https:\/\/exame.abril.com.br\/economia\/governo-adia-leilao-da-cessao-onerosa-para-novembro\/\">Governo adia leil\u00e3o da cess\u00e3o onerosa para novembro<\/a><\/span><span class=\"widget-news-item-date\">13 jun 2019 &#8211; 17h06<\/span><\/div>\n<\/li>\n<li class=\"widget-news-item without-thumb with-border\">\n<div class=\"widget-news-info\"><a href=\"http:\/\/exame.abril.com.br\/economia\">ECONOMIA<\/a><span class=\"widget-news-item-title\"><a href=\"https:\/\/exame.abril.com.br\/economia\/ministros-entregam-documentacao-de-leilao-de-cessao-onerosa-do-pre-sal\/\">Ministros entregam documenta\u00e7\u00e3o de leil\u00e3o de cess\u00e3o onerosa do pr\u00e9-sal<\/a><\/span><span class=\"widget-news-item-date\">6 maio 2019 &#8211; 20h05<\/span><\/div>\n<\/li>\n<\/ul>\n<\/div>\n<p><span>Onyx disse que o plano de governo apresentado na comemora\u00e7\u00e3o dos 100 dias de governo foi &#8220;ridicularizado&#8221; por n\u00e3o conter pacotes, mas defendeu a gest\u00e3o ao dizer que ela tem conte\u00fado. <\/span><\/p>\n<p><span>&#8220;Tratava sim de princ\u00edpios e valores e o que deve reger uma administra\u00e7\u00e3o moderna \u00e9 isso. Mas muitos diziam e ainda dizem que o governo n\u00e3o tem plano, mas esse governo tem conte\u00fado&#8221;, disse. Ele afirmou ainda que o governo segue padr\u00f5es de governan\u00e7a estabelecidos pela OCDE (Organiza\u00e7\u00e3o para a Coopera\u00e7\u00e3o e Desenvolvimento Econ\u00f4mico).<\/span><\/p>\n<p><span>Onyx destacou ainda outro decreto que dever\u00e1 ser assinado que vai regulamentar a Lei do Selo Arte, que autoriza a venda interestadual de produtos aliment\u00edcios artesanais. Entre os produtos beneficiados pela lei est\u00e3o queijos, mel, pescados e embutidos. Eles poder\u00e3o ser comercializados em todo o territ\u00f3rio nacional desde que atendam as exig\u00eancias de boas pr\u00e1ticas agropecu\u00e1rias e de fabrica\u00e7\u00e3o. &#8220;O selo arte para produtores artesanais significa que o c\u00e9u \u00e9 o limite para eles&#8221;, disse.<\/span><\/p>\n<p><span>Em seu discurso, comemorou a aprova\u00e7\u00e3o em primeiro turno da reforma da Previd\u00eancia na C\u00e2mara dos Deputados. &#8220;A aprova\u00e7\u00e3o foi um ato de brasilidade. As futuras gera\u00e7\u00f5es agradecem o ato dos senhores&#8221;, disse.<\/span><\/p>\n<p><span>O ministro tamb\u00e9m afirmou que o pa\u00eds ter\u00e1 em breve o &#8220;maior leil\u00e3o de petr\u00f3leo do mundo com a cess\u00e3o onerosa&#8221; e disse que o governo dever\u00e1 arrecadar mais de R$ 100 bilh\u00f5es com o leil\u00e3o. &#8220;Os recursos do leil\u00e3o de petr\u00f3leo ir\u00e3o para educa\u00e7\u00e3o, sa\u00fade e Estados e munic\u00edpios&#8221;, informou.<\/span><\/p>\n<p><span>Ele tamb\u00e9m disse que mais de 300 servi\u00e7os foram digitalizados no pa\u00eds. &#8220;O governo n\u00e3o quer atrapalhar quem trabalha, tiramos a burocracia&#8221;, disse.<\/span><\/p>\n<p><span>Ainda dentro do balan\u00e7o que fez sobre o in\u00edcio do governo Bolsonaro, Onyx afirmou que o Brasil \u00e9 um dos pa\u00edses que mais protege suas matas nativas. &#8220;Nenhum pa\u00eds do mundo tem 17% do seu territ\u00f3rio de mata nativa. Onde formos, de Portugal ao leste europeu, encontramos florestas, mas quase sempre replantadas. Alguns que nos atacam, l\u00e1 de fora, devem saber que o governo brasileiro se preocupa verdadeiramente com o meio ambiente&#8221;, disse.<\/span><\/p>\n<p><br \/>\n<br \/><a href=\"https:\/\/exame.abril.com.br\/brasil\/nos-200-dias-onyx-celebra-reforma-e-espera-r-100-bi-na-cessao-onerosa\/\">Fonte do artigo <\/a><br \/>\nTags:<br \/>\n#negocios #o #business #marketingdigital #empreendedorismo #marketing #emprendedores #n #empreender #sucesso #empresas #neg #a #emprendimiento #exito #cios #emprendedor #empreendedor #emprender #dinheiro #dinero #empresario #vendas #liderazgo #motivacion #foco #motiva #negocio #brasil<\/p>\n","protected":false},"excerpt":{"rendered":"<p>O ministro da Casa Civil, Onyx Lorenzoni, afirmou, durante a celebra\u00e7\u00e3o pelos 200 dias do governo Bolsonaro, que o foco da gest\u00e3o at\u00e9 agora tem sido o crescimento do pa\u00eds por meio do investimento de recursos oriundos de privatiza\u00e7\u00f5es e concess\u00f5es. Ele destacou, tamb\u00e9m, a aprova\u00e7\u00e3o em primeiro turno da reforma da Previd\u00eancia pela C\u00e2mara [&hellip;]<\/p>\n","protected":false},"author":1,"featured_media":23471,"comment_status":"open","ping_status":"open","sticky":false,"template":"","format":"standard","meta":{"footnotes":""},"categories":[1],"tags":[],"class_list":["post-23470","post","type-post","status-publish","format-standard","has-post-thumbnail","hentry","category-curso-de-copy"],"_links":{"self":[{"href":"https:\/\/wiy.com.br\/noticias\/wp-json\/wp\/v2\/posts\/23470","targetHints":{"allow":["GET"]}}],"collection":[{"href":"https:\/\/wiy.com.br\/noticias\/wp-json\/wp\/v2\/posts"}],"about":[{"href":"https:\/\/wiy.com.br\/noticias\/wp-json\/wp\/v2\/types\/post"}],"author":[{"embeddable":true,"href":"https:\/\/wiy.com.br\/noticias\/wp-json\/wp\/v2\/users\/1"}],"replies":[{"embeddable":true,"href":"https:\/\/wiy.com.br\/noticias\/wp-json\/wp\/v2\/comments?post=23470"}],"version-history":[{"count":0,"href":"https:\/\/wiy.com.br\/noticias\/wp-json\/wp\/v2\/posts\/23470\/revisions"}],"wp:featuredmedia":[{"embeddable":true,"href":"https:\/\/wiy.com.br\/noticias\/wp-json\/wp\/v2\/media\/23471"}],"wp:attachment":[{"href":"https:\/\/wiy.com.br\/noticias\/wp-json\/wp\/v2\/media?parent=23470"}],"wp:term":[{"taxonomy":"category","embeddable":true,"href":"https:\/\/wiy.com.br\/noticias\/wp-json\/wp\/v2\/categories?post=23470"},{"taxonomy":"post_tag","embeddable":true,"href":"https:\/\/wiy.com.br\/noticias\/wp-json\/wp\/v2\/tags?post=23470"}],"curies":[{"name":"wp","href":"https:\/\/api.w.org\/{rel}","templated":true}]}}