{"id":2347,"date":"2023-02-26T15:40:13","date_gmt":"2023-02-26T18:40:13","guid":{"rendered":"https:\/\/wiy.com.br\/noticias\/doria-vai-turbinar-equipe-em-brasilia\/"},"modified":"2019-01-29T09:19:09","modified_gmt":"2019-01-29T11:19:09","slug":"doria-vai-turbinar-equipe-em-brasilia","status":"publish","type":"post","link":"https:\/\/wiy.com.br\/noticias\/doria-vai-turbinar-equipe-em-brasilia\/","title":{"rendered":"Doria vai turbinar equipe em Bras\u00edlia"},"content":{"rendered":"<p> <br \/>\n<br \/>Eduardo BarrettoJo\u00e3o Doria vai turbinar a equipe do governo de S\u00e3o Paulo em Bras\u00edlia. O plantel quintuplicar\u00e1: vai pular de tr\u00eas para 15 funcion\u00e1rios. No comando, est\u00e1 Gilberto Kassab. Antonio Imbassahy deve ser nomeado para o grupo nos pr\u00f3ximos&#8230;<br \/>\n<br \/><br \/>\n<br \/><a href=\"https:\/\/epoca.globo.com\/guilherme-amado\/doria-vai-turbinar-equipe-em-brasilia-23409549\">Source link <\/a><\/p>\n","protected":false},"excerpt":{"rendered":"<p>Eduardo BarrettoJo\u00e3o Doria vai turbinar a equipe do governo de S\u00e3o Paulo em Bras\u00edlia. O plantel quintuplicar\u00e1: vai pular de tr\u00eas para 15 funcion\u00e1rios. No comando, est\u00e1 Gilberto Kassab. Antonio Imbassahy deve ser nomeado para o grupo nos pr\u00f3ximos&#8230; Source link<\/p>\n","protected":false},"author":1,"featured_media":0,"comment_status":"open","ping_status":"open","sticky":false,"template":"","format":"standard","meta":{"footnotes":""},"categories":[337],"tags":[],"class_list":["post-2347","post","type-post","status-publish","format-standard","hentry","category-noticias"],"_links":{"self":[{"href":"https:\/\/wiy.com.br\/noticias\/wp-json\/wp\/v2\/posts\/2347","targetHints":{"allow":["GET"]}}],"collection":[{"href":"https:\/\/wiy.com.br\/noticias\/wp-json\/wp\/v2\/posts"}],"about":[{"href":"https:\/\/wiy.com.br\/noticias\/wp-json\/wp\/v2\/types\/post"}],"author":[{"embeddable":true,"href":"https:\/\/wiy.com.br\/noticias\/wp-json\/wp\/v2\/users\/1"}],"replies":[{"embeddable":true,"href":"https:\/\/wiy.com.br\/noticias\/wp-json\/wp\/v2\/comments?post=2347"}],"version-history":[{"count":0,"href":"https:\/\/wiy.com.br\/noticias\/wp-json\/wp\/v2\/posts\/2347\/revisions"}],"wp:attachment":[{"href":"https:\/\/wiy.com.br\/noticias\/wp-json\/wp\/v2\/media?parent=2347"}],"wp:term":[{"taxonomy":"category","embeddable":true,"href":"https:\/\/wiy.com.br\/noticias\/wp-json\/wp\/v2\/categories?post=2347"},{"taxonomy":"post_tag","embeddable":true,"href":"https:\/\/wiy.com.br\/noticias\/wp-json\/wp\/v2\/tags?post=2347"}],"curies":[{"name":"wp","href":"https:\/\/api.w.org\/{rel}","templated":true}]}}