{"id":2326,"date":"2023-02-26T15:41:47","date_gmt":"2023-02-26T18:41:47","guid":{"rendered":"https:\/\/wiy.com.br\/noticias\/ex-oficial-e-chefe-de-milicia-ja-era-citado-por-morte-e-invasao-antes-de-expulsao-da-pm\/"},"modified":"2019-01-29T05:00:42","modified_gmt":"2019-01-29T07:00:42","slug":"ex-oficial-e-chefe-de-milicia-ja-era-citado-por-morte-e-invasao-antes-de-expulsao-da-pm","status":"publish","type":"post","link":"https:\/\/wiy.com.br\/noticias\/ex-oficial-e-chefe-de-milicia-ja-era-citado-por-morte-e-invasao-antes-de-expulsao-da-pm\/","title":{"rendered":"Ex-oficial e chefe de mil\u00edcia j\u00e1 era citado por morte e invas\u00e3o, antes de expuls\u00e3o da PM"},"content":{"rendered":"<p> <br \/>\n<br \/>RIO \u2014 Foragido desde a \u00faltima ter\u00e7a-feira, quando teve in\u00edcio a Opera\u00e7\u00e3o Os Intoc\u00e1veis, o ex-capit\u00e3o do Batalh\u00e3o de Opera\u00e7\u00f5es Especiais (Bope) Adriano Magalh\u00e3es da N\u00f3brega, de 42 anos, \u00e9, hoje, um dos homens mais procurados do pa\u00eds. Foi numa guerra&#8230;<br \/>\n<br \/><br \/>\n<br \/><a href=\"https:\/\/oglobo.globo.com\/rio\/ex-oficial-chefe-de-milicia-ja-era-citado-por-morte-invasao-antes-de-expulsao-da-pm-23410186\">Source link <\/a><\/p>\n","protected":false},"excerpt":{"rendered":"<p>RIO \u2014 Foragido desde a \u00faltima ter\u00e7a-feira, quando teve in\u00edcio a Opera\u00e7\u00e3o Os Intoc\u00e1veis, o ex-capit\u00e3o do Batalh\u00e3o de Opera\u00e7\u00f5es Especiais (Bope) Adriano Magalh\u00e3es da N\u00f3brega, de 42 anos, \u00e9, hoje, um dos homens mais procurados do pa\u00eds. Foi numa guerra&#8230; Source link<\/p>\n","protected":false},"author":1,"featured_media":0,"comment_status":"open","ping_status":"open","sticky":false,"template":"","format":"standard","meta":{"footnotes":""},"categories":[339],"tags":[],"class_list":["post-2326","post","type-post","status-publish","format-standard","hentry","category-negocios"],"_links":{"self":[{"href":"https:\/\/wiy.com.br\/noticias\/wp-json\/wp\/v2\/posts\/2326","targetHints":{"allow":["GET"]}}],"collection":[{"href":"https:\/\/wiy.com.br\/noticias\/wp-json\/wp\/v2\/posts"}],"about":[{"href":"https:\/\/wiy.com.br\/noticias\/wp-json\/wp\/v2\/types\/post"}],"author":[{"embeddable":true,"href":"https:\/\/wiy.com.br\/noticias\/wp-json\/wp\/v2\/users\/1"}],"replies":[{"embeddable":true,"href":"https:\/\/wiy.com.br\/noticias\/wp-json\/wp\/v2\/comments?post=2326"}],"version-history":[{"count":0,"href":"https:\/\/wiy.com.br\/noticias\/wp-json\/wp\/v2\/posts\/2326\/revisions"}],"wp:attachment":[{"href":"https:\/\/wiy.com.br\/noticias\/wp-json\/wp\/v2\/media?parent=2326"}],"wp:term":[{"taxonomy":"category","embeddable":true,"href":"https:\/\/wiy.com.br\/noticias\/wp-json\/wp\/v2\/categories?post=2326"},{"taxonomy":"post_tag","embeddable":true,"href":"https:\/\/wiy.com.br\/noticias\/wp-json\/wp\/v2\/tags?post=2326"}],"curies":[{"name":"wp","href":"https:\/\/api.w.org\/{rel}","templated":true}]}}