{"id":23106,"date":"2023-02-26T15:48:54","date_gmt":"2023-02-26T18:48:54","guid":{"rendered":"https:\/\/wiy.com.br\/noticias\/bancos-credores-da-odebrecht-podem-tomar-posse-de-acoes-da-braskem\/"},"modified":"2019-07-11T14:46:27","modified_gmt":"2019-07-11T17:46:27","slug":"bancos-credores-da-odebrecht-podem-tomar-posse-de-acoes-da-braskem","status":"publish","type":"post","link":"https:\/\/wiy.com.br\/noticias\/bancos-credores-da-odebrecht-podem-tomar-posse-de-acoes-da-braskem\/","title":{"rendered":"Bancos credores da Odebrecht podem tomar posse de a\u00e7\u00f5es da Braskem"},"content":{"rendered":"<p> <br \/>\n<\/p>\n<p>S\u00e3o Paulo &#8211; Um juiz do Tribunal de Justi\u00e7a do Estado de S\u00e3o Paulo permitiu que credores da <strong><a href=\"https:\/\/exame.abril.com.br\/noticias-sobre\/odebrecht\/\">Odebrecht<\/a><\/strong> tomem posse das a\u00e7\u00f5es da petroqu\u00edmica <strong><a href=\"https:\/\/exame.abril.com.br\/noticias-sobre\/braskem\" target=\"_blank\" rel=\"noopener noreferrer\">Braskem<\/a><\/strong> oferecidas como garantia para empr\u00e9stimos que fizeram ao conglomerado, de acordo com decis\u00e3o vista pela Reuters.<\/p>\n<div class=\"widget-news widget-box no-margin no-border\"><span class=\"widget-news-title content-box-title\">Veja tamb\u00e9m<\/span><\/p>\n<ul class=\"widget-news-list\">\n<li class=\"widget-news-item without-thumb with-border\">\n<div class=\"widget-news-info\"><a href=\"http:\/\/exame.abril.com.br\/revista-exame\">REVISTA EXAME<\/a><span class=\"widget-news-item-title\"><a href=\"https:\/\/exame.abril.com.br\/revista-exame\/poco-de-incertezas\/\">A Braskem \u00e9 um po\u00e7o de incertezas<\/a><\/span><span class=\"widget-news-item-date\">4 jul 2019 &#8211; 05h07<\/span><\/div>\n<\/li>\n<\/ul>\n<\/div>\n<p>A liminar concedida na v\u00e9spera para o Ita\u00fa Unibanco, anula uma decis\u00e3o que proibia qualquer venda ou posse de a\u00e7\u00f5es da Braskem pelos bancos. A Odebrecht entrou com pedido de recupera\u00e7\u00e3o judicial em junho, com o objetivo de reestruturar 51 bilh\u00f5es de reais.<\/p>\n<p><br \/>\n<br \/><a href=\"https:\/\/exame.abril.com.br\/negocios\/bancos-credores-da-odebrecht-podem-tomar-posse-de-acoes-da-braskem\/\">Fonte do Artigo <\/a><\/p>\n","protected":false},"excerpt":{"rendered":"<p>S\u00e3o Paulo &#8211; Um juiz do Tribunal de Justi\u00e7a do Estado de S\u00e3o Paulo permitiu que credores da Odebrecht tomem posse das a\u00e7\u00f5es da petroqu\u00edmica Braskem oferecidas como garantia para empr\u00e9stimos que fizeram ao conglomerado, de acordo com decis\u00e3o vista pela Reuters. Veja tamb\u00e9m REVISTA EXAMEA Braskem \u00e9 um po\u00e7o de incertezas4 jul 2019 &#8211; [&hellip;]<\/p>\n","protected":false},"author":1,"featured_media":23107,"comment_status":"open","ping_status":"open","sticky":false,"template":"","format":"standard","meta":{"footnotes":""},"categories":[1],"tags":[],"class_list":["post-23106","post","type-post","status-publish","format-standard","has-post-thumbnail","hentry","category-curso-de-copy"],"_links":{"self":[{"href":"https:\/\/wiy.com.br\/noticias\/wp-json\/wp\/v2\/posts\/23106","targetHints":{"allow":["GET"]}}],"collection":[{"href":"https:\/\/wiy.com.br\/noticias\/wp-json\/wp\/v2\/posts"}],"about":[{"href":"https:\/\/wiy.com.br\/noticias\/wp-json\/wp\/v2\/types\/post"}],"author":[{"embeddable":true,"href":"https:\/\/wiy.com.br\/noticias\/wp-json\/wp\/v2\/users\/1"}],"replies":[{"embeddable":true,"href":"https:\/\/wiy.com.br\/noticias\/wp-json\/wp\/v2\/comments?post=23106"}],"version-history":[{"count":0,"href":"https:\/\/wiy.com.br\/noticias\/wp-json\/wp\/v2\/posts\/23106\/revisions"}],"wp:featuredmedia":[{"embeddable":true,"href":"https:\/\/wiy.com.br\/noticias\/wp-json\/wp\/v2\/media\/23107"}],"wp:attachment":[{"href":"https:\/\/wiy.com.br\/noticias\/wp-json\/wp\/v2\/media?parent=23106"}],"wp:term":[{"taxonomy":"category","embeddable":true,"href":"https:\/\/wiy.com.br\/noticias\/wp-json\/wp\/v2\/categories?post=23106"},{"taxonomy":"post_tag","embeddable":true,"href":"https:\/\/wiy.com.br\/noticias\/wp-json\/wp\/v2\/tags?post=23106"}],"curies":[{"name":"wp","href":"https:\/\/api.w.org\/{rel}","templated":true}]}}