{"id":2305,"date":"2023-02-26T15:40:26","date_gmt":"2023-02-26T18:40:26","guid":{"rendered":"https:\/\/wiy.com.br\/noticias\/instagram-fica-fora-do-ar-em-varias-cidades-do-mundo\/"},"modified":"2019-01-29T00:56:16","modified_gmt":"2019-01-29T02:56:16","slug":"instagram-fica-fora-do-ar-em-varias-cidades-do-mundo","status":"publish","type":"post","link":"https:\/\/wiy.com.br\/noticias\/instagram-fica-fora-do-ar-em-varias-cidades-do-mundo\/","title":{"rendered":"Instagram fica fora do ar em v\u00e1rias cidades do mundo"},"content":{"rendered":"<p> <br \/>\n<br \/>A rede social Instagram, que pertence ao Facebook, ficou fora do ar em v\u00e1rias cidades do mundo na noite desta segunda-feira, segundo relato de usu\u00e1rios.Usu\u00e1rios da plataforma acessaram o Twitter para reclamar da interrup\u00e7\u00e3o do servi\u00e7o e da&#8230;<br \/>\n<br \/><br \/>\n<br \/><a href=\"https:\/\/oglobo.globo.com\/economia\/tecnologia\/instagram-fica-fora-do-ar-em-varias-cidades-do-mundo-23410153\">Source link <\/a><\/p>\n","protected":false},"excerpt":{"rendered":"<p>A rede social Instagram, que pertence ao Facebook, ficou fora do ar em v\u00e1rias cidades do mundo na noite desta segunda-feira, segundo relato de usu\u00e1rios.Usu\u00e1rios da plataforma acessaram o Twitter para reclamar da interrup\u00e7\u00e3o do servi\u00e7o e da&#8230; Source link<\/p>\n","protected":false},"author":1,"featured_media":0,"comment_status":"open","ping_status":"open","sticky":false,"template":"","format":"standard","meta":{"footnotes":""},"categories":[339],"tags":[],"class_list":["post-2305","post","type-post","status-publish","format-standard","hentry","category-negocios"],"_links":{"self":[{"href":"https:\/\/wiy.com.br\/noticias\/wp-json\/wp\/v2\/posts\/2305","targetHints":{"allow":["GET"]}}],"collection":[{"href":"https:\/\/wiy.com.br\/noticias\/wp-json\/wp\/v2\/posts"}],"about":[{"href":"https:\/\/wiy.com.br\/noticias\/wp-json\/wp\/v2\/types\/post"}],"author":[{"embeddable":true,"href":"https:\/\/wiy.com.br\/noticias\/wp-json\/wp\/v2\/users\/1"}],"replies":[{"embeddable":true,"href":"https:\/\/wiy.com.br\/noticias\/wp-json\/wp\/v2\/comments?post=2305"}],"version-history":[{"count":0,"href":"https:\/\/wiy.com.br\/noticias\/wp-json\/wp\/v2\/posts\/2305\/revisions"}],"wp:attachment":[{"href":"https:\/\/wiy.com.br\/noticias\/wp-json\/wp\/v2\/media?parent=2305"}],"wp:term":[{"taxonomy":"category","embeddable":true,"href":"https:\/\/wiy.com.br\/noticias\/wp-json\/wp\/v2\/categories?post=2305"},{"taxonomy":"post_tag","embeddable":true,"href":"https:\/\/wiy.com.br\/noticias\/wp-json\/wp\/v2\/tags?post=2305"}],"curies":[{"name":"wp","href":"https:\/\/api.w.org\/{rel}","templated":true}]}}