{"id":2291,"date":"2023-02-26T15:12:39","date_gmt":"2023-02-26T18:12:39","guid":{"rendered":"https:\/\/wiy.com.br\/noticias\/antes-de-enfrentar-o-flamengo-boavista-contrata-lateral-com-passado-rubro-negro\/"},"modified":"2019-01-28T21:53:17","modified_gmt":"2019-01-28T23:53:17","slug":"antes-de-enfrentar-o-flamengo-boavista-contrata-lateral-com-passado-rubro-negro","status":"publish","type":"post","link":"https:\/\/wiy.com.br\/noticias\/antes-de-enfrentar-o-flamengo-boavista-contrata-lateral-com-passado-rubro-negro\/","title":{"rendered":"Antes de enfrentar o Flamengo, Boavista contrata lateral com passado rubro-negro"},"content":{"rendered":"<p> <br \/>\n<br \/>O Boavista acertou a contrata\u00e7\u00e3o do lateral-direito Wellington Silva, que tem passagens por Flamengo e Fluminense.O jogador de 30 anos disputou a S\u00e9rie B do Brasileir\u00e3o no ano passado pelo CSA, que conseguiu acesso. Wellington Silva \u00e9 esperado nesta&#8230;<br \/>\n<br \/><br \/>\n<br \/><a href=\"https:\/\/oglobo.globo.com\/esportes\/antes-de-enfrentar-flamengo-boavista-contrata-lateral-com-passado-rubro-negro-23409808\">Source link <\/a><\/p>\n","protected":false},"excerpt":{"rendered":"<p>O Boavista acertou a contrata\u00e7\u00e3o do lateral-direito Wellington Silva, que tem passagens por Flamengo e Fluminense.O jogador de 30 anos disputou a S\u00e9rie B do Brasileir\u00e3o no ano passado pelo CSA, que conseguiu acesso. Wellington Silva \u00e9 esperado nesta&#8230; Source link<\/p>\n","protected":false},"author":1,"featured_media":0,"comment_status":"open","ping_status":"open","sticky":false,"template":"","format":"standard","meta":{"footnotes":""},"categories":[339],"tags":[],"class_list":["post-2291","post","type-post","status-publish","format-standard","hentry","category-negocios"],"_links":{"self":[{"href":"https:\/\/wiy.com.br\/noticias\/wp-json\/wp\/v2\/posts\/2291","targetHints":{"allow":["GET"]}}],"collection":[{"href":"https:\/\/wiy.com.br\/noticias\/wp-json\/wp\/v2\/posts"}],"about":[{"href":"https:\/\/wiy.com.br\/noticias\/wp-json\/wp\/v2\/types\/post"}],"author":[{"embeddable":true,"href":"https:\/\/wiy.com.br\/noticias\/wp-json\/wp\/v2\/users\/1"}],"replies":[{"embeddable":true,"href":"https:\/\/wiy.com.br\/noticias\/wp-json\/wp\/v2\/comments?post=2291"}],"version-history":[{"count":0,"href":"https:\/\/wiy.com.br\/noticias\/wp-json\/wp\/v2\/posts\/2291\/revisions"}],"wp:attachment":[{"href":"https:\/\/wiy.com.br\/noticias\/wp-json\/wp\/v2\/media?parent=2291"}],"wp:term":[{"taxonomy":"category","embeddable":true,"href":"https:\/\/wiy.com.br\/noticias\/wp-json\/wp\/v2\/categories?post=2291"},{"taxonomy":"post_tag","embeddable":true,"href":"https:\/\/wiy.com.br\/noticias\/wp-json\/wp\/v2\/tags?post=2291"}],"curies":[{"name":"wp","href":"https:\/\/api.w.org\/{rel}","templated":true}]}}