{"id":22777,"date":"2023-02-26T15:34:18","date_gmt":"2023-02-26T18:34:18","guid":{"rendered":"https:\/\/wiy.com.br\/noticias\/eua-pede-para-justica-desconsiderar-processo-aberto-pela-huawei\/"},"modified":"2019-07-04T18:52:18","modified_gmt":"2019-07-04T21:52:18","slug":"eua-pede-para-justica-desconsiderar-processo-aberto-pela-huawei","status":"publish","type":"post","link":"https:\/\/wiy.com.br\/noticias\/eua-pede-para-justica-desconsiderar-processo-aberto-pela-huawei\/","title":{"rendered":"EUA pede para justi\u00e7a desconsiderar processo aberto pela Huawei"},"content":{"rendered":"<p> <br \/>\n<\/p>\n<p>O governo dos <strong><a href=\"https:\/\/exame.abril.com.br\/noticias-sobre\/estados-unidos\">Estados Unidos<\/a><\/strong> pediu para a justi\u00e7a do pa\u00eds desconsiderar um processo aberto pela fabricantes chinesa de equipamentos de telecomunica\u00e7\u00f5es <strong><a href=\"https:\/\/exame.abril.com.br\/noticias-sobre\/huawei\" target=\"_blank\" rel=\"noopener noreferrer\">Huawei<\/a><\/strong>, que afirma que Washington agiu ilegalmente ao colocar a companhia em uma lista negra comercial.<\/p>\n<p>A Huawei processou o governo dos EUA em mar\u00e7o, afirmando em um tribunal federal no Texas que a lei que limita seus neg\u00f3cios \u00e9 inconstitucional.<\/p>\n<div class=\"widget-news widget-box no-margin no-border\"><span class=\"widget-news-title content-box-title\">Veja tamb\u00e9m<\/span><\/p>\n<ul class=\"widget-news-list\">\n<li class=\"widget-news-item without-thumb with-border\">\n<div class=\"widget-news-info\"><a href=\"\/\"><\/a><span class=\"widget-news-item-title\"><a href=\"https:\/\/exame.abril.com.br\/tecnologia\/huawei-inaugura-pontos-de-venda-de-celulares-em-shoppings-de-sp\/\">Huawei inaugura pontos de venda de celulares em shoppings de SP<\/a><\/span><span class=\"widget-news-item-date\">4 jul 2019 &#8211; 17h07<\/span><\/div>\n<\/li>\n<\/ul>\n<\/div>\n<p>Representantes da Huawei n\u00e3o comentaram o assunto de imediato.<\/p>\n<p><br \/>\n<br \/><a href=\"https:\/\/exame.abril.com.br\/negocios\/eua-pede-para-justica-desconsiderar-processo-aberto-pela-huawei\/\">Fonte do Artigo <\/a><\/p>\n","protected":false},"excerpt":{"rendered":"<p>O governo dos Estados Unidos pediu para a justi\u00e7a do pa\u00eds desconsiderar um processo aberto pela fabricantes chinesa de equipamentos de telecomunica\u00e7\u00f5es Huawei, que afirma que Washington agiu ilegalmente ao colocar a companhia em uma lista negra comercial. A Huawei processou o governo dos EUA em mar\u00e7o, afirmando em um tribunal federal no Texas que [&hellip;]<\/p>\n","protected":false},"author":1,"featured_media":22778,"comment_status":"open","ping_status":"open","sticky":false,"template":"","format":"standard","meta":{"footnotes":""},"categories":[1],"tags":[],"class_list":["post-22777","post","type-post","status-publish","format-standard","has-post-thumbnail","hentry","category-curso-de-copy"],"_links":{"self":[{"href":"https:\/\/wiy.com.br\/noticias\/wp-json\/wp\/v2\/posts\/22777","targetHints":{"allow":["GET"]}}],"collection":[{"href":"https:\/\/wiy.com.br\/noticias\/wp-json\/wp\/v2\/posts"}],"about":[{"href":"https:\/\/wiy.com.br\/noticias\/wp-json\/wp\/v2\/types\/post"}],"author":[{"embeddable":true,"href":"https:\/\/wiy.com.br\/noticias\/wp-json\/wp\/v2\/users\/1"}],"replies":[{"embeddable":true,"href":"https:\/\/wiy.com.br\/noticias\/wp-json\/wp\/v2\/comments?post=22777"}],"version-history":[{"count":0,"href":"https:\/\/wiy.com.br\/noticias\/wp-json\/wp\/v2\/posts\/22777\/revisions"}],"wp:featuredmedia":[{"embeddable":true,"href":"https:\/\/wiy.com.br\/noticias\/wp-json\/wp\/v2\/media\/22778"}],"wp:attachment":[{"href":"https:\/\/wiy.com.br\/noticias\/wp-json\/wp\/v2\/media?parent=22777"}],"wp:term":[{"taxonomy":"category","embeddable":true,"href":"https:\/\/wiy.com.br\/noticias\/wp-json\/wp\/v2\/categories?post=22777"},{"taxonomy":"post_tag","embeddable":true,"href":"https:\/\/wiy.com.br\/noticias\/wp-json\/wp\/v2\/tags?post=22777"}],"curies":[{"name":"wp","href":"https:\/\/api.w.org\/{rel}","templated":true}]}}