{"id":22584,"date":"2023-02-26T14:53:56","date_gmt":"2023-02-26T17:53:56","guid":{"rendered":"https:\/\/wiy.com.br\/noticias\/cade-aprova-sem-restricoes-incorporacao-da-aliansce-pela-sonae-sierra\/"},"modified":"2019-07-01T17:33:47","modified_gmt":"2019-07-01T20:33:47","slug":"cade-aprova-sem-restricoes-incorporacao-da-aliansce-pela-sonae-sierra","status":"publish","type":"post","link":"https:\/\/wiy.com.br\/noticias\/cade-aprova-sem-restricoes-incorporacao-da-aliansce-pela-sonae-sierra\/","title":{"rendered":"Cade aprova sem restri\u00e7\u00f5es incorpora\u00e7\u00e3o da Aliansce pela Sonae Sierra"},"content":{"rendered":"<p> <br \/>\n<\/p>\n<p>S\u00e3o Paulo \u2014 A Superintend\u00eancia-Geral do Conselho Administrativo de Defesa Econ\u00f4mica (Cade) aprovou sem restri\u00e7\u00f5es a combina\u00e7\u00e3o dos neg\u00f3cios das empresas de shoppings centers <strong><a href=\"https:\/\/exame.abril.com.br\/noticias-sobre\/aliansce\/\">Aliansce<\/a><\/strong> e <strong><a href=\"https:\/\/exame.abril.com.br\/noticias-sobre\/sonae-sierra\/\">Sonae Sierra<\/a><\/strong>. Em fato relevante, as companhias informam sobre a publica\u00e7\u00e3o da decis\u00e3o nesta segunda-feira, 1, sobre a incorpora\u00e7\u00e3o da Aliansce pela Sonae Sierra e do Merger Agreement (acordo de associa\u00e7\u00e3o) celebrado em 6 de junho.<\/p>\n<p>Ap\u00f3s verificadas a satisfa\u00e7\u00e3o (ou ren\u00fancia, conforme o caso) de outras condi\u00e7\u00f5es suspensivas, os conselhos de administra\u00e7\u00e3o de cada companhia v\u00e3o se reunir para determinar a data em que a opera\u00e7\u00e3o ser\u00e1 consumada.<\/p>\n<p>A aprova\u00e7\u00e3o pelos acionistas de ambas ocorreu na quinta-feira passada, em assembleia geral extraordin\u00e1ria.<\/p>\n<p><br \/>\n<br \/><a href=\"https:\/\/exame.abril.com.br\/negocios\/cade-aprova-sem-restricoes-incorporacao-da-aliansce-pela-sonae-sierra\/\">Fonte do Artigo <\/a><\/p>\n","protected":false},"excerpt":{"rendered":"<p>S\u00e3o Paulo \u2014 A Superintend\u00eancia-Geral do Conselho Administrativo de Defesa Econ\u00f4mica (Cade) aprovou sem restri\u00e7\u00f5es a combina\u00e7\u00e3o dos neg\u00f3cios das empresas de shoppings centers Aliansce e Sonae Sierra. Em fato relevante, as companhias informam sobre a publica\u00e7\u00e3o da decis\u00e3o nesta segunda-feira, 1, sobre a incorpora\u00e7\u00e3o da Aliansce pela Sonae Sierra e do Merger Agreement (acordo [&hellip;]<\/p>\n","protected":false},"author":1,"featured_media":22585,"comment_status":"open","ping_status":"open","sticky":false,"template":"","format":"standard","meta":{"footnotes":""},"categories":[1],"tags":[],"class_list":["post-22584","post","type-post","status-publish","format-standard","has-post-thumbnail","hentry","category-curso-de-copy"],"_links":{"self":[{"href":"https:\/\/wiy.com.br\/noticias\/wp-json\/wp\/v2\/posts\/22584","targetHints":{"allow":["GET"]}}],"collection":[{"href":"https:\/\/wiy.com.br\/noticias\/wp-json\/wp\/v2\/posts"}],"about":[{"href":"https:\/\/wiy.com.br\/noticias\/wp-json\/wp\/v2\/types\/post"}],"author":[{"embeddable":true,"href":"https:\/\/wiy.com.br\/noticias\/wp-json\/wp\/v2\/users\/1"}],"replies":[{"embeddable":true,"href":"https:\/\/wiy.com.br\/noticias\/wp-json\/wp\/v2\/comments?post=22584"}],"version-history":[{"count":0,"href":"https:\/\/wiy.com.br\/noticias\/wp-json\/wp\/v2\/posts\/22584\/revisions"}],"wp:featuredmedia":[{"embeddable":true,"href":"https:\/\/wiy.com.br\/noticias\/wp-json\/wp\/v2\/media\/22585"}],"wp:attachment":[{"href":"https:\/\/wiy.com.br\/noticias\/wp-json\/wp\/v2\/media?parent=22584"}],"wp:term":[{"taxonomy":"category","embeddable":true,"href":"https:\/\/wiy.com.br\/noticias\/wp-json\/wp\/v2\/categories?post=22584"},{"taxonomy":"post_tag","embeddable":true,"href":"https:\/\/wiy.com.br\/noticias\/wp-json\/wp\/v2\/tags?post=22584"}],"curies":[{"name":"wp","href":"https:\/\/api.w.org\/{rel}","templated":true}]}}