{"id":22475,"date":"2023-02-26T15:32:06","date_gmt":"2023-02-26T18:32:06","guid":{"rendered":"https:\/\/wiy.com.br\/noticias\/petrobras-preve-elevar-exportacoes-de-petroleo-em-mais-de-30\/"},"modified":"2019-06-28T16:12:51","modified_gmt":"2019-06-28T19:12:51","slug":"petrobras-preve-elevar-exportacoes-de-petroleo-em-mais-de-30","status":"publish","type":"post","link":"https:\/\/wiy.com.br\/noticias\/petrobras-preve-elevar-exportacoes-de-petroleo-em-mais-de-30\/","title":{"rendered":"Petrobras prev\u00ea elevar exporta\u00e7\u00f5es de petr\u00f3leo em mais de 30%"},"content":{"rendered":"<p> <br \/>\n<\/p>\n<p>Rio de Janeiro \u2014 A <strong><a href=\"https:\/\/exame.abril.com.br\/noticias-sobre\/petrobras\/\">Petrobras<\/a><\/strong> prev\u00ea elevar suas exporta\u00e7\u00f5es de <strong><a href=\"https:\/\/exame.abril.com.br\/noticias-sobre\/petroleo\" target=\"_blank\" rel=\"noopener noreferrer\">petr\u00f3leo<\/a><\/strong> para acima de 800 mil barris por dia (bpd) nos pr\u00f3ximos anos, contra os 600 mil (bpd) vendidos no primeiro semestre deste ano, disse em nota nesta sexta-feira (28) a diretora-executiva de Refino e G\u00e1s Natural da Petrobras, Anelise Quint\u00e3o Lara.<\/p>\n<p>Como parte do plano, a empresa ampliou nesta semana sua presen\u00e7a na China, respons\u00e1vel por 75% das vendas externas da petroleira estatal, com a inaugura\u00e7\u00e3o na quarta-feira de uma tancagem de \u00f3leo cru no Porto de Qingdao, na importante prov\u00edncia chinesa Shandong.<\/p>\n<p>A partir dos quatro tanques alugados no local, com capacidade total de dois milh\u00f5es de barris de \u00f3leo cru, a empresa planeja ter mais flexibiliza\u00e7\u00e3o dos volumes dos lotes, dos prazos de negocia\u00e7\u00e3o e das condi\u00e7\u00f5es de pagamento, permitindo alcan\u00e7ar novos clientes.<\/p>\n<p>&#8220;O desenvolvimento de novos mercados para o petr\u00f3leo do pr\u00e9-sal \u00e9 condi\u00e7\u00e3o essencial para a Petrobras, frente a um cen\u00e1rio de aumento das exporta\u00e7\u00f5es que indica volumes acima de 800 mil barris por dia para os pr\u00f3ximos anos&#8221;, disse Anelise Quint\u00e3o Lara, em nota publicada pela Petrobras.<\/p>\n<div class=\"widget-news widget-box no-margin no-border\"><span class=\"widget-news-title content-box-title\">Veja tamb\u00e9m<\/span><\/p>\n<ul class=\"widget-news-list\">\n<li class=\"widget-news-item without-thumb with-border\">\n<div class=\"widget-news-info\"><a href=\"http:\/\/exame.abril.com.br\/negocios\">NEG\u00d3CIOS<\/a><span class=\"widget-news-item-title\"><a href=\"https:\/\/exame.abril.com.br\/negocios\/petrobras-inicia-venda-de-4-das-8-refinarias-que-devera-se-desfazer\/\">Petrobras inicia venda de 4 das 8 refinarias que dever\u00e1 se desfazer<\/a><\/span><span class=\"widget-news-item-date\">28 jun 2019 &#8211; 08h06<\/span><\/div>\n<\/li>\n<li class=\"widget-news-item without-thumb with-border\">\n<div class=\"widget-news-info\"><a href=\"http:\/\/exame.abril.com.br\/negocios\">NEG\u00d3CIOS<\/a><span class=\"widget-news-item-title\"><a href=\"https:\/\/exame.abril.com.br\/negocios\/petrobras-deixara-transporte-e-distribuicao-de-gas-diz-ceo-da-estatal\/\">Petrobras deixar\u00e1 transporte e distribui\u00e7\u00e3o de g\u00e1s, diz CEO da estatal<\/a><\/span><span class=\"widget-news-item-date\">27 jun 2019 &#8211; 19h06<\/span><\/div>\n<\/li>\n<\/ul>\n<\/div>\n<p>A Petrobras tem trabalhado para ganhar mercado entre as refinarias independentes privadas chinesas, conhecidas como &#8220;teapots&#8221;, que somam mais de 50 e est\u00e3o concentradas no nordeste da China, na prov\u00edncia de Shandong e regi\u00f5es adjacentes.<\/p>\n<p>Atualmente, 41 das refinarias chinesas independentes est\u00e3o autorizadas a trabalhar com petr\u00f3leo estrangeiro, com uma quota total de importa\u00e7\u00e3o de mais de 2,5 milh\u00f5es de bpd, detalhou a empresa. Do total exportado pela Petrobras para a China, 38 por cento s\u00e3o destinados para essas empresas.<\/p>\n<p>Segundo a Petrobras, desde 2015, quando o governo chin\u00eas permitiu que refinarias independentes importassem petr\u00f3leo, a Petrobras consolidou um portf\u00f3lio de 19 refinadores independentes para venda de correntes de \u00f3leos m\u00e9dios, provenientes dos campos do pr\u00e9-sal.<\/p>\n<p><br \/>\n<br \/><a href=\"https:\/\/exame.abril.com.br\/negocios\/petrobras-preve-elevar-exportacoes-de-petroleo-em-mais-de-30\/\">Fonte do Artigo <\/a><\/p>\n","protected":false},"excerpt":{"rendered":"<p>Rio de Janeiro \u2014 A Petrobras prev\u00ea elevar suas exporta\u00e7\u00f5es de petr\u00f3leo para acima de 800 mil barris por dia (bpd) nos pr\u00f3ximos anos, contra os 600 mil (bpd) vendidos no primeiro semestre deste ano, disse em nota nesta sexta-feira (28) a diretora-executiva de Refino e G\u00e1s Natural da Petrobras, Anelise Quint\u00e3o Lara. Como parte [&hellip;]<\/p>\n","protected":false},"author":1,"featured_media":22476,"comment_status":"open","ping_status":"open","sticky":false,"template":"","format":"standard","meta":{"footnotes":""},"categories":[1],"tags":[],"class_list":["post-22475","post","type-post","status-publish","format-standard","has-post-thumbnail","hentry","category-curso-de-copy"],"_links":{"self":[{"href":"https:\/\/wiy.com.br\/noticias\/wp-json\/wp\/v2\/posts\/22475","targetHints":{"allow":["GET"]}}],"collection":[{"href":"https:\/\/wiy.com.br\/noticias\/wp-json\/wp\/v2\/posts"}],"about":[{"href":"https:\/\/wiy.com.br\/noticias\/wp-json\/wp\/v2\/types\/post"}],"author":[{"embeddable":true,"href":"https:\/\/wiy.com.br\/noticias\/wp-json\/wp\/v2\/users\/1"}],"replies":[{"embeddable":true,"href":"https:\/\/wiy.com.br\/noticias\/wp-json\/wp\/v2\/comments?post=22475"}],"version-history":[{"count":0,"href":"https:\/\/wiy.com.br\/noticias\/wp-json\/wp\/v2\/posts\/22475\/revisions"}],"wp:featuredmedia":[{"embeddable":true,"href":"https:\/\/wiy.com.br\/noticias\/wp-json\/wp\/v2\/media\/22476"}],"wp:attachment":[{"href":"https:\/\/wiy.com.br\/noticias\/wp-json\/wp\/v2\/media?parent=22475"}],"wp:term":[{"taxonomy":"category","embeddable":true,"href":"https:\/\/wiy.com.br\/noticias\/wp-json\/wp\/v2\/categories?post=22475"},{"taxonomy":"post_tag","embeddable":true,"href":"https:\/\/wiy.com.br\/noticias\/wp-json\/wp\/v2\/tags?post=22475"}],"curies":[{"name":"wp","href":"https:\/\/api.w.org\/{rel}","templated":true}]}}