{"id":22436,"date":"2023-02-26T14:54:59","date_gmt":"2023-02-26T17:54:59","guid":{"rendered":"https:\/\/wiy.com.br\/noticias\/petrobras-deixara-transporte-e-distribuicao-de-gas-diz-ceo-da-estatal\/"},"modified":"2019-06-27T20:51:15","modified_gmt":"2019-06-27T23:51:15","slug":"petrobras-deixara-transporte-e-distribuicao-de-gas-diz-ceo-da-estatal","status":"publish","type":"post","link":"https:\/\/wiy.com.br\/noticias\/petrobras-deixara-transporte-e-distribuicao-de-gas-diz-ceo-da-estatal\/","title":{"rendered":"Petrobras deixar\u00e1 transporte e distribui\u00e7\u00e3o de g\u00e1s, diz CEO da estatal"},"content":{"rendered":"<p> <br \/>\n<\/p>\n<p>S\u00e3o Paulo \u2014 A <strong><a href=\"https:\/\/exame.abril.com.br\/noticias-sobre\/petrobras\/\">Petrobras<\/a><\/strong> dever\u00e1 sair dos segmentos de transporte e distribui\u00e7\u00e3o de g\u00e1s no Brasil, disse nesta quinta-feira (27) o presidente da estatal, Roberto Castello Branco, ap\u00f3s participar de evento na B3 que marcou a venda de a\u00e7\u00f5es da petroleira pela <strong><a href=\"https:\/\/exame.abril.com.br\/negocios\/caixa-levanta-r7-bi-com-venda-de-participacao-na-petrobras-dizem-fontes\/\">Caixa<\/a><\/strong>.<\/p>\n<p>Os coment\u00e1rios foram feitos depois de o governo anunciar nesta semana um plano para acabar com monop\u00f3lios no setor de g\u00e1s, amplamente dominado pela estatal. Questionado sobre o assunto, Castello Branco disse que n\u00e3o cabe \u00e0 Petrobras &#8220;fazer pol\u00edticas p\u00fablicas&#8221;, mas ele indicou que a companhia est\u00e1 afinada com o plano governamental, que se encaixa com o plano de desinvestimentos de ativos da petroleira.<\/p>\n<p>&#8220;Vamos abrir espa\u00e7o, vendendo empresas, saindo do transporte, j\u00e1 come\u00e7amos a andar com isso, vendendo a NTS (Nova Transportadora do Sudeste) e a TAG (Transportadora Associada de G\u00e1s)&#8221;, destacou o CEO, em refer\u00eancia a desinvestimentos bilion\u00e1rios na \u00e1rea de gasodutos.<\/p>\n<p>&#8220;Vamos aprofundar a venda de gasodutos, vamos sair da distribui\u00e7\u00e3o de g\u00e1s e outras medidas que est\u00e3o sendo discutidas com o Cade (Conselho Administrativo de Defesa Econ\u00f4mica)&#8221;, acrescentou ao ser questionado por jornalistas.<\/p>\n<p>Ele comentou que a empresa est\u00e1 muito pr\u00f3xima de um acordo como Cade, mas n\u00e3o quis dar detalhes sobre o assunto por quest\u00f5es de sigilo.<\/p>\n<p>&#8220;A Petrobras vai desenvolver todos os esfor\u00e7os para que tenhamos um mercado competitivo e vibrante, estamos em conversas com o Cade, e posteriormente saber\u00e3o os resultados&#8221;, comentou.<\/p>\n<h3>BR e refinarias<\/h3>\n<p>O executivo tamb\u00e9m comentou sobre itens previstos no plano de desinvestimentos, com o qual a companhia espera levantar recursos para pagar d\u00edvidas e focar na sua atividade principal, a explora\u00e7\u00e3o e produ\u00e7\u00e3o de petr\u00f3leo e g\u00e1s.<\/p>\n<p>Ele disse que a venda de uma fatia adicional da empresa de distribui\u00e7\u00e3o de combust\u00edveis da Petrobras, a BR Distribuidora, dever\u00e1 ocorrer no prazo mais curto poss\u00edvel.<\/p>\n<p>&#8220;N\u00e3o temos nada ainda definido, mas ela (opera\u00e7\u00e3o) acontecer\u00e1, sem d\u00favida. Esperamos voltar \u00e0 B3 no mais curto espa\u00e7o de tempo poss\u00edvel&#8221;, declarou, referindo-se \u00e0 venda da fatia na BR, na qual a empresa det\u00e9m atualmente uma participa\u00e7\u00e3o de 71,25%, ap\u00f3s ter feito no final de 2017 uma oferta inicial de a\u00e7\u00f5es da subsidi\u00e1ria que levantou cerca de 5 bilh\u00f5es de reais.<\/p>\n<div class=\"widget-news widget-box no-margin no-border\"><span class=\"widget-news-title content-box-title\">Veja tamb\u00e9m<\/span><\/p>\n<ul class=\"widget-news-list\">\n<li class=\"widget-news-item without-thumb with-border\">\n<div class=\"widget-news-info\"><a href=\"http:\/\/exame.abril.com.br\/mercados\">MERCADOS<\/a><span class=\"widget-news-item-title\"><a href=\"https:\/\/exame.abril.com.br\/mercados\/venda-de-acoes-da-petrobras-pela-caixa-movimenta-r-73-bilhoes\/\">Venda de a\u00e7\u00f5es da Petrobras pela Caixa movimenta R$ 7,3 bilh\u00f5es<\/a><\/span><span class=\"widget-news-item-date\">26 jun 2019 &#8211; 12h06<\/span><\/div>\n<\/li>\n<li class=\"widget-news-item without-thumb with-border\">\n<div class=\"widget-news-info\"><a href=\"http:\/\/exame.abril.com.br\/negocios\">NEG\u00d3CIOS<\/a><span class=\"widget-news-item-title\"><a href=\"https:\/\/exame.abril.com.br\/negocios\/cade-adia-decisao-sobre-acordo-com-petrobras-no-mercado-de-gas\/\">Cade adia decis\u00e3o sobre atua\u00e7\u00e3o da Petrobras no mercado de g\u00e1s<\/a><\/span><span class=\"widget-news-item-date\">26 jun 2019 &#8211; 14h06<\/span><\/div>\n<\/li>\n<\/ul>\n<\/div>\n<p>Dentro de um plano da empresa de vender oito refinarias, ou 50 por cento de sua capacidade de refino, Castello Branco afirmou que a Petrobras pretende vender pelo menos uma refinaria ainda neste ano.<\/p>\n<p>Com rela\u00e7\u00e3o \u00e0 opera\u00e7\u00e3o para a venda da Liquig\u00e1s, distribuidora de G\u00e1s Liquefeito de Petr\u00f3leo (GLP) da Petrobras, o executivo lembrou que a companhia j\u00e1 recebeu ofertas n\u00e3o vinculantes e destacou que j\u00e1 selecionou as melhores.<\/p>\n<p>&#8220;Esperamos receber as propostas vinculantes no in\u00edcio de agosto&#8221;, completou, ressaltando que a companhia tomou precau\u00e7\u00f5es para limitar a participa\u00e7\u00e3o de empresas que j\u00e1 tenham marcas relevantes na distribui\u00e7\u00e3o de g\u00e1s em botij\u00e3o.<\/p>\n<p>Essa \u00e9 a segunda tentativa da Petrobras de vender a Liquig\u00e1s. Em 2016, a companhia chegou a um acordo para vender a unidade \u00e0 Ultrapar Participa\u00e7\u00f5es por 2,8 bilh\u00f5es de reais, mas o neg\u00f3cio foi bloqueado pelo Cade.<\/p>\n<p>&#8220;Queremos abrir m\u00e3o do poder de monop\u00f3lio, mas n\u00e3o transferir o monop\u00f3lio estatal para o monop\u00f3lio privado.&#8221;<\/p>\n<p>Sobre a opera\u00e7\u00e3o da venda de a\u00e7\u00f5es pela Caixa, ele destacou que foi a maior oferta secund\u00e1ria desde 2010, movimentando mais de 7 bilh\u00f5es de reais.<\/p>\n<p>&#8220;Resultados bons do ponto de vista de precifica\u00e7\u00e3o e contribui\u00e7\u00e3o para o desenvolvimento do mercado de capitais brasileiro&#8230; Aumenta a liquidez das a\u00e7\u00f5es ordin\u00e1rias da Petrobras, o que \u00e9 bom para o comportamento das a\u00e7\u00f5es.&#8221;<\/p>\n<p><br \/>\n<br \/><a href=\"https:\/\/exame.abril.com.br\/negocios\/petrobras-deixara-transporte-e-distribuicao-de-gas-diz-ceo-da-estatal\/\">Fonte do Artigo <\/a><\/p>\n","protected":false},"excerpt":{"rendered":"<p>S\u00e3o Paulo \u2014 A Petrobras dever\u00e1 sair dos segmentos de transporte e distribui\u00e7\u00e3o de g\u00e1s no Brasil, disse nesta quinta-feira (27) o presidente da estatal, Roberto Castello Branco, ap\u00f3s participar de evento na B3 que marcou a venda de a\u00e7\u00f5es da petroleira pela Caixa. Os coment\u00e1rios foram feitos depois de o governo anunciar nesta semana [&hellip;]<\/p>\n","protected":false},"author":1,"featured_media":21868,"comment_status":"open","ping_status":"open","sticky":false,"template":"","format":"standard","meta":{"footnotes":""},"categories":[1],"tags":[],"class_list":["post-22436","post","type-post","status-publish","format-standard","has-post-thumbnail","hentry","category-curso-de-copy"],"_links":{"self":[{"href":"https:\/\/wiy.com.br\/noticias\/wp-json\/wp\/v2\/posts\/22436","targetHints":{"allow":["GET"]}}],"collection":[{"href":"https:\/\/wiy.com.br\/noticias\/wp-json\/wp\/v2\/posts"}],"about":[{"href":"https:\/\/wiy.com.br\/noticias\/wp-json\/wp\/v2\/types\/post"}],"author":[{"embeddable":true,"href":"https:\/\/wiy.com.br\/noticias\/wp-json\/wp\/v2\/users\/1"}],"replies":[{"embeddable":true,"href":"https:\/\/wiy.com.br\/noticias\/wp-json\/wp\/v2\/comments?post=22436"}],"version-history":[{"count":0,"href":"https:\/\/wiy.com.br\/noticias\/wp-json\/wp\/v2\/posts\/22436\/revisions"}],"wp:featuredmedia":[{"embeddable":true,"href":"https:\/\/wiy.com.br\/noticias\/wp-json\/wp\/v2\/media\/21868"}],"wp:attachment":[{"href":"https:\/\/wiy.com.br\/noticias\/wp-json\/wp\/v2\/media?parent=22436"}],"wp:term":[{"taxonomy":"category","embeddable":true,"href":"https:\/\/wiy.com.br\/noticias\/wp-json\/wp\/v2\/categories?post=22436"},{"taxonomy":"post_tag","embeddable":true,"href":"https:\/\/wiy.com.br\/noticias\/wp-json\/wp\/v2\/tags?post=22436"}],"curies":[{"name":"wp","href":"https:\/\/api.w.org\/{rel}","templated":true}]}}