{"id":21920,"date":"2023-02-26T15:47:12","date_gmt":"2023-02-26T18:47:12","guid":{"rendered":"https:\/\/wiy.com.br\/noticias\/petrobras-preve-teste-em-area-descoberta-em-sergipe-ainda-em-2019\/"},"modified":"2019-06-17T10:41:45","modified_gmt":"2019-06-17T13:41:45","slug":"petrobras-preve-teste-em-area-descoberta-em-sergipe-ainda-em-2019","status":"publish","type":"post","link":"https:\/\/wiy.com.br\/noticias\/petrobras-preve-teste-em-area-descoberta-em-sergipe-ainda-em-2019\/","title":{"rendered":"Petrobras prev\u00ea teste em \u00e1rea descoberta em Sergipe ainda em 2019"},"content":{"rendered":"<p> <br \/>\n<\/p>\n<p>S\u00e3o Paulo \u2014 A <strong><a href=\"https:\/\/exame.abril.com.br\/noticias-sobre\/petrobras\/\" target=\"_blank\" rel=\"noopener noreferrer\">Petrobras<\/a><\/strong> prev\u00ea realizar ainda em 2019 um teste de longa dura\u00e7\u00e3o em uma das \u00e1reas com potencial para produ\u00e7\u00e3o de g\u00e1s natural descobertas em \u00e1guas profundas na bacia de Sergipe, informou a empresa em comunicado nesta segunda-feira.<\/p>\n<p>A petroleira divulgou o comunicado ap\u00f3s o jornal O Estado de S. Paulo ter publicado no domingo que <a href=\"https:\/\/exame.abril.com.br\/negocios\/petrobras-faz-a-maior-descoberta-desde-o-pre-sal-em-sergipe-e-alagoas\/\" target=\"_blank\" rel=\"noopener noreferrer\">uma descoberta na bacia de Sergipe seria a maior da empresa desde o pr\u00e9-sal<\/a>, em 2006, com potencial para extra\u00e7\u00e3o de 20 milh\u00f5es de metros c\u00fabicos de g\u00e1s natural por dia.<\/p>\n<p>A Petrobras, no entanto, n\u00e3o divulgou n\u00fameros sobre o potencial da regi\u00e3o, afirmando apenas que nos \u00faltimos anos foram confirmadas seis descobertas na bacia &#8212; as \u00e1reas de Cumbe, Barra, Farfan, Muri\u00fa, Moita Bonita e Po\u00e7o Verde, todas j\u00e1 comunicadas ao mercado.<\/p>\n<p>Segundo a companhia, seu Plano de Neg\u00f3cios e Gest\u00e3o para o per\u00edodo 2019-2023 contempla &#8220;or\u00e7amento para a instala\u00e7\u00e3o de um sistema de produ\u00e7\u00e3o&#8221; na Bacia de Sergipe, mas os estudos sobre o projeto est\u00e3o em fase inicial.<\/p>\n<p>&#8220;A companhia est\u00e1 realizando o Plano de Avalia\u00e7\u00e3o da Descoberta dessas \u00e1reas, para avalia\u00e7\u00e3o do potencial produtivo de suas acumula\u00e7\u00f5es de petr\u00f3leo e g\u00e1s natural&#8221;, afirmou a Petrobras.<\/p>\n<p>Divulgada no m\u00eas passado, a descoberta deve gerar R$ 7 bilh\u00f5es de receita anual \u00e0 estatal e s\u00f3cias, calcula a consultoria Gas Energy.<\/p>\n<p>Na avalia\u00e7\u00e3o do governo, a conquista pode ajudar a tirar do papel o esperado \u201cchoque de energia barata\u201d prometido pelo ministro da Economia, <a href=\"https:\/\/exame.abril.com.br\/noticias-sobre\/paulo-guedes\/\" target=\"_blank\" rel=\"noopener noreferrer\"><strong>Paulo Guedes<\/strong><\/a> \u2013 plano para baratear em at\u00e9 50% o custo do g\u00e1s natural e \u201creindustrializar\u201d o Pa\u00eds.<\/p>\n<p>A aposta do governo \u00e9 que, em pouco tempo, deva sair de Sergipe o g\u00e1s mais barato do Brasil. Primeiro, pelo pr\u00f3prio aumento da produ\u00e7\u00e3o, que ajuda na redu\u00e7\u00e3o dos custos. Segundo, pela entrada em opera\u00e7\u00e3o de rivais da petroleira, como a americana ExxonMobil, que tem projetos de explora\u00e7\u00e3o na regi\u00e3o. Por fim, pela presen\u00e7a de empresas importadoras de g\u00e1s, que tamb\u00e9m v\u00e3o concorrer pela infraestrutura de escoamento. Dessa maneira, a tend\u00eancia \u00e9 de redu\u00e7\u00e3o na tarifa de transporte e, com isso, tamb\u00e9m do pre\u00e7o final do produto.<\/p>\n<p>\u201cVamos ter competi\u00e7\u00e3o. \u00c9 isso que vai fazer o pre\u00e7o baixar\u201d, afirma o secret\u00e1rio de Petr\u00f3leo e G\u00e1s Natural do Minist\u00e9rio de Minas e Energia (MME), M\u00e1rcio Felix, que participa da elabora\u00e7\u00e3o do plano de Guedes.<\/p>\n<p>O teste de longa dura\u00e7\u00e3o previsto para este ano na \u00e1rea de Farfan ter\u00e1 como objetivo obter informa\u00e7\u00f5es que subsidiem estudos para uma melhor caracteriza\u00e7\u00e3o da rocha-reservat\u00f3rio e dos fluidos da \u00e1rea, acrescentou a estatal.<\/p>\n<p><br \/>\n<br \/><a href=\"https:\/\/exame.abril.com.br\/negocios\/petrobras-preve-teste-em-area-descoberta-em-sergipe-ainda-em-2019\/\">Fonte do Artigo <\/a><\/p>\n","protected":false},"excerpt":{"rendered":"<p>S\u00e3o Paulo \u2014 A Petrobras prev\u00ea realizar ainda em 2019 um teste de longa dura\u00e7\u00e3o em uma das \u00e1reas com potencial para produ\u00e7\u00e3o de g\u00e1s natural descobertas em \u00e1guas profundas na bacia de Sergipe, informou a empresa em comunicado nesta segunda-feira. A petroleira divulgou o comunicado ap\u00f3s o jornal O Estado de S. Paulo ter [&hellip;]<\/p>\n","protected":false},"author":1,"featured_media":21921,"comment_status":"open","ping_status":"open","sticky":false,"template":"","format":"standard","meta":{"footnotes":""},"categories":[1],"tags":[],"class_list":["post-21920","post","type-post","status-publish","format-standard","has-post-thumbnail","hentry","category-curso-de-copy"],"_links":{"self":[{"href":"https:\/\/wiy.com.br\/noticias\/wp-json\/wp\/v2\/posts\/21920","targetHints":{"allow":["GET"]}}],"collection":[{"href":"https:\/\/wiy.com.br\/noticias\/wp-json\/wp\/v2\/posts"}],"about":[{"href":"https:\/\/wiy.com.br\/noticias\/wp-json\/wp\/v2\/types\/post"}],"author":[{"embeddable":true,"href":"https:\/\/wiy.com.br\/noticias\/wp-json\/wp\/v2\/users\/1"}],"replies":[{"embeddable":true,"href":"https:\/\/wiy.com.br\/noticias\/wp-json\/wp\/v2\/comments?post=21920"}],"version-history":[{"count":0,"href":"https:\/\/wiy.com.br\/noticias\/wp-json\/wp\/v2\/posts\/21920\/revisions"}],"wp:featuredmedia":[{"embeddable":true,"href":"https:\/\/wiy.com.br\/noticias\/wp-json\/wp\/v2\/media\/21921"}],"wp:attachment":[{"href":"https:\/\/wiy.com.br\/noticias\/wp-json\/wp\/v2\/media?parent=21920"}],"wp:term":[{"taxonomy":"category","embeddable":true,"href":"https:\/\/wiy.com.br\/noticias\/wp-json\/wp\/v2\/categories?post=21920"},{"taxonomy":"post_tag","embeddable":true,"href":"https:\/\/wiy.com.br\/noticias\/wp-json\/wp\/v2\/tags?post=21920"}],"curies":[{"name":"wp","href":"https:\/\/api.w.org\/{rel}","templated":true}]}}