{"id":21725,"date":"2023-02-26T15:14:02","date_gmt":"2023-02-26T18:14:02","guid":{"rendered":"https:\/\/wiy.com.br\/noticias\/boeing-737-max-deve-voltar-a-voar-em-agosto-diz-american-airlines\/"},"modified":"2019-06-12T14:28:12","modified_gmt":"2019-06-12T17:28:12","slug":"boeing-737-max-deve-voltar-a-voar-em-agosto-diz-american-airlines","status":"publish","type":"post","link":"https:\/\/wiy.com.br\/noticias\/boeing-737-max-deve-voltar-a-voar-em-agosto-diz-american-airlines\/","title":{"rendered":"Boeing 737 MAX deve voltar a voar em agosto, diz American Airlines"},"content":{"rendered":"<p> <br \/>\n<\/p>\n<p>Chicago \u2014 O <a href=\"https:\/\/exame.abril.com.br\/noticias-sobre\/boeing\/\"><strong>Boeing<\/strong> <\/a>737 MAX provavelmente voltar\u00e1 a voar em meados de agosto. \u00c9 o que disse o presidente-executivo da <a href=\"https:\/\/exame.abril.com.br\/noticias-sobre\/american-airlines\/\"><strong>American Airlines<\/strong><\/a>, Doug Parker, a acionistas da companhia a\u00e9rea nesta quarta-feira (12).<\/p>\n<p>A ind\u00fastria de <a href=\"https:\/\/exame.abril.com.br\/noticias-sobre\/aviacao\/\"><strong>avia\u00e7\u00e3o<\/strong> <\/a>est\u00e1 aguardando a aprova\u00e7\u00e3o de autoridades regulat\u00f3rias das atualiza\u00e7\u00f5es de software e de treinamento de pilotos que possam abrir caminho para que o jato volte a voar <a href=\"https:\/\/exame.abril.com.br\/mundo\/aviao-com-188-ocupantes-cai-no-mar-de-java-na-indonesia\/\">ap\u00f3s dois acidentes na Indon\u00e9sia<\/a> e na <a href=\"https:\/\/exame.abril.com.br\/mundo\/157-pessoas-morrem-apos-acidente-de-aviao-na-etiopia\/\">Eti\u00f3pia<\/a> no intervalo de cinco meses. Centenas de pessoas morreram nos dois acidentes.<\/p>\n<p>&nbsp;<\/p>\n<div class=\"widget-news widget-box no-margin no-border\"><span class=\"widget-news-title content-box-title\">Veja tamb\u00e9m<\/span><\/p>\n<ul class=\"widget-news-list\">\n<li class=\"widget-news-item without-thumb with-border\">\n<div class=\"widget-news-info\"><a href=\"http:\/\/exame.abril.com.br\/negocios\">NEG\u00d3CIOS<\/a><span class=\"widget-news-item-title\"><a href=\"https:\/\/exame.abril.com.br\/negocios\/american-airlines-cancela-voos-com-boeing-737-max-ate-setembro\/\">American Airlines cancela voos com Boeing 737 MAX at\u00e9 setembro<\/a><\/span><span class=\"widget-news-item-date\">9 jun 2019 &#8211; 16h06<\/span><\/div>\n<\/li>\n<li class=\"widget-news-item without-thumb with-border\">\n<div class=\"widget-news-info\"><a href=\"http:\/\/exame.abril.com.br\/negocios\">NEG\u00d3CIOS<\/a><span class=\"widget-news-item-title\"><a href=\"https:\/\/exame.abril.com.br\/negocios\/american-airlines-corta-previsao-de-lucro-em-2019-por-suspensao-do-737-max\/\">American Airlines corta previs\u00e3o de lucro em 2019 por suspens\u00e3o do 737 MAX<\/a><\/span><span class=\"widget-news-item-date\">26 abr 2019 &#8211; 11h04<\/span><\/div>\n<\/li>\n<li class=\"widget-news-item without-thumb with-border\">\n<div class=\"widget-news-info\"><a href=\"http:\/\/exame.abril.com.br\/negocios\">NEG\u00d3CIOS<\/a><span class=\"widget-news-item-title\"><a href=\"https:\/\/exame.abril.com.br\/negocios\/american-airlines-estende-cancelamentos-do-boeing-737-max-ate-19-de-agosto\/\">American Airlines estende cancelamentos do Boeing 737 MAX at\u00e9 19 de agosto<\/a><\/span><span class=\"widget-news-item-date\">14 abr 2019 &#8211; 14h04<\/span><\/div>\n<\/li>\n<\/ul>\n<\/div>\n<p>A American Airlines disse que o impacto econ\u00f4mico das suspens\u00f5es de voos do 737 MAX \u2014 de meados de mar\u00e7o at\u00e9 19 de agosto, data inicialmente prevista pela companhia a\u00e9rea para a retomada dos voos da aeronave \u2014 ser\u00e1 de cerca de 350 milh\u00f5es de d\u00f3lares.<\/p>\n<p>No domingo (9<a href=\"https:\/\/exame.abril.com.br\/negocios\/american-airlines-cancela-voos-com-boeing-737-max-ate-setembro\/\">), a American estendeu os cancelamentos de cerca de 115 voos di\u00e1rios at\u00e9 3 de setembro<\/a>, mas Parker disse que a decis\u00e3o se limitou a refletir planos mensais de programa\u00e7\u00e3o para pilotos e comiss\u00e1rios de bordo.<\/p>\n<p>&#8220;Ningu\u00e9m deve considerar isso como uma indica\u00e7\u00e3o de que n\u00e3o acreditamos que a aeronave esteja pronta em 19 de agosto&#8221;, disse o executivo durante a assembleia anual de acionistas da empresa.<\/p>\n<p>&#8220;N\u00e3o estar\u00edamos vendendo passagens hoje se n\u00e3o ach\u00e1ssemos que \u00e9 uma possibilidade altamente prov\u00e1vel (&#8230;) que possamos fornecer o servi\u00e7o at\u00e9 3 de setembro&#8221;, acrescentou.\u00a0A American Airlines tem 24 jatos MAX, al\u00e9m de dezenas de encomendas.<\/p>\n<p><br \/>\n<br \/><a href=\"https:\/\/exame.abril.com.br\/negocios\/boeing-737-max-deve-voltar-a-voar-em-agosto-diz-american-airlines\/\">Fonte do Artigo <\/a><\/p>\n","protected":false},"excerpt":{"rendered":"<p>Chicago \u2014 O Boeing 737 MAX provavelmente voltar\u00e1 a voar em meados de agosto. \u00c9 o que disse o presidente-executivo da American Airlines, Doug Parker, a acionistas da companhia a\u00e9rea nesta quarta-feira (12). A ind\u00fastria de avia\u00e7\u00e3o est\u00e1 aguardando a aprova\u00e7\u00e3o de autoridades regulat\u00f3rias das atualiza\u00e7\u00f5es de software e de treinamento de pilotos que possam [&hellip;]<\/p>\n","protected":false},"author":1,"featured_media":21726,"comment_status":"open","ping_status":"open","sticky":false,"template":"","format":"standard","meta":{"footnotes":""},"categories":[1],"tags":[],"class_list":["post-21725","post","type-post","status-publish","format-standard","has-post-thumbnail","hentry","category-curso-de-copy"],"_links":{"self":[{"href":"https:\/\/wiy.com.br\/noticias\/wp-json\/wp\/v2\/posts\/21725","targetHints":{"allow":["GET"]}}],"collection":[{"href":"https:\/\/wiy.com.br\/noticias\/wp-json\/wp\/v2\/posts"}],"about":[{"href":"https:\/\/wiy.com.br\/noticias\/wp-json\/wp\/v2\/types\/post"}],"author":[{"embeddable":true,"href":"https:\/\/wiy.com.br\/noticias\/wp-json\/wp\/v2\/users\/1"}],"replies":[{"embeddable":true,"href":"https:\/\/wiy.com.br\/noticias\/wp-json\/wp\/v2\/comments?post=21725"}],"version-history":[{"count":0,"href":"https:\/\/wiy.com.br\/noticias\/wp-json\/wp\/v2\/posts\/21725\/revisions"}],"wp:featuredmedia":[{"embeddable":true,"href":"https:\/\/wiy.com.br\/noticias\/wp-json\/wp\/v2\/media\/21726"}],"wp:attachment":[{"href":"https:\/\/wiy.com.br\/noticias\/wp-json\/wp\/v2\/media?parent=21725"}],"wp:term":[{"taxonomy":"category","embeddable":true,"href":"https:\/\/wiy.com.br\/noticias\/wp-json\/wp\/v2\/categories?post=21725"},{"taxonomy":"post_tag","embeddable":true,"href":"https:\/\/wiy.com.br\/noticias\/wp-json\/wp\/v2\/tags?post=21725"}],"curies":[{"name":"wp","href":"https:\/\/api.w.org\/{rel}","templated":true}]}}