{"id":21366,"date":"2023-02-26T15:44:36","date_gmt":"2023-02-26T18:44:36","guid":{"rendered":"https:\/\/wiy.com.br\/noticias\/guerra-comercial-complica-operacao-da-embraer-na-china\/"},"modified":"2019-06-04T14:34:25","modified_gmt":"2019-06-04T17:34:25","slug":"guerra-comercial-complica-operacao-da-embraer-na-china","status":"publish","type":"post","link":"https:\/\/wiy.com.br\/noticias\/guerra-comercial-complica-operacao-da-embraer-na-china\/","title":{"rendered":"Guerra comercial complica opera\u00e7\u00e3o da Embraer na China"},"content":{"rendered":"<p> <br \/>\n<\/p>\n<p>A crescente disputa comercial entre Estados Unidos e China est\u00e1 dificultando as coisas para a <strong><a href=\"https:\/\/exame.abril.com.br\/noticias-sobre\/embraer\/\">Embraer<\/a><\/strong>. A China \u00e9 o maior mercado para a unidade de avi\u00f5es comerciais da fabricante de jatos brasileira, prestes a ser comprada pela americana Boeing, maior exportadora de aeronaves do mundo. A unidade, que ser\u00e1 batizada como Boeing Brasil Commercial, busca aprova\u00e7\u00e3o da ag\u00eancia antitruste da China para o acordo e espera que dois modelos de jatos sejam certificados por Pequim para entregar as aeronaves \u00e0s companhias a\u00e9reas chinesas.<\/p>\n<p>&#8220;Estamos fazendo todo o poss\u00edvel para ficar longe do ambiente pol\u00edtico&#8221;, disse John Slattery, respons\u00e1vel pela Embraer Commercial, em entrevista em Seul em 1\u00ba de junho. &#8220;A Embraer ganharia muito pouco comentando disputas comerciais entre as superpot\u00eancias.&#8221;<\/p>\n<p>H\u00e1 muitos motivos para preocupa\u00e7\u00e3o. O que come\u00e7ou como uma disputa comercial entre as duas maiores economias do mundo ganhou enormes propor\u00e7\u00f5es. A China alertou que vai criar uma lista negra de entidades que poderiam prejudicar suas empresas nacionais, ap\u00f3s a decis\u00e3o dos EUA de interromper a oferta de componentes americanos para a empresa de tecnologia chinesa Huawei Technologies.<\/p>\n<div class=\"widget-news widget-box no-margin no-border\"><span class=\"widget-news-title content-box-title\">Veja tamb\u00e9m<\/span><\/p>\n<ul class=\"widget-news-list\">\n<li class=\"widget-news-item without-thumb with-border\">\n<div class=\"widget-news-info\"><a href=\"http:\/\/exame.abril.com.br\/negocios\">NEG\u00d3CIOS<\/a><span class=\"widget-news-item-title\"><a href=\"https:\/\/exame.abril.com.br\/blog\/primeiro-lugar\/o-que-sobra-da-embraer-depois-da-venda-para-a-boeing\/\">O que sobra da Embraer depois da venda para a Boeing<\/a><\/span><span class=\"widget-news-item-date\">23 maio 2019 &#8211; 05h05<\/span><\/div>\n<\/li>\n<li class=\"widget-news-item without-thumb with-border\">\n<div class=\"widget-news-info\"><a href=\"http:\/\/exame.abril.com.br\/negocios\">NEG\u00d3CIOS<\/a><span class=\"widget-news-item-title\"><a href=\"https:\/\/exame.abril.com.br\/negocios\/boeing-brasil-commercial-esse-e-o-novo-nome-da-embraer\/\">Parceria entre Embraer e Boeing agora chama Boeing Brasil-Commercial<\/a><\/span><span class=\"widget-news-item-date\">23 maio 2019 &#8211; 17h05<\/span><\/div>\n<\/li>\n<\/ul>\n<\/div>\n<p>Por isso, para a futura empresa americana, a melhor estrat\u00e9gia seria assumir uma postura discreta, minimizar o fato de que tem um novo dono e esperar pelo melhor. &#8220;A rela\u00e7\u00e3o pol\u00edtica entre China e Brasil \u00e9 a \u00fanica coisa sobre a qual posso falar&#8221;, disse Slattery. &#8220;Esse relacionamento \u00e9 robusto e positivo. Estou esperan\u00e7oso de que veremos, no curto prazo, a certifica\u00e7\u00e3o dessas aeronaves\u201d, disse, acrescentando que a empresa ainda espera concluir todas as aprova\u00e7\u00f5es antitruste ainda este ano.<\/p>\n<p>Slattery afirma que a Embraer espera que o jato regional E175, de 80 lugares, seja certificado primeiro, seguido pela pr\u00f3xima gera\u00e7\u00e3o, o E2-195. A Embraer tem atualmente cerca de 100 aeronaves voando na China, disse.<\/p>\n<p>O mercado na China, particularmente na regi\u00e3o oeste, onde a Embraer v\u00ea demanda potencial mais forte, \u00e9 grande o suficiente para ambos os jatos e para que os novos modelos sejam desenvolvidos localmente, disse o executivo. &#8220;\u00c9 o maior mercado do mundo e vamos, com dilig\u00eancia e humildade, fazer tudo o que pudermos para ser uma parte significativa disso&#8221;, acrescentou.<\/p>\n<p><br \/>\n<br \/><a href=\"https:\/\/exame.abril.com.br\/negocios\/guerra-comercial-complica-operacao-da-embraer-na-china\/\">Fonte do Artigo <\/a><\/p>\n","protected":false},"excerpt":{"rendered":"<p>A crescente disputa comercial entre Estados Unidos e China est\u00e1 dificultando as coisas para a Embraer. A China \u00e9 o maior mercado para a unidade de avi\u00f5es comerciais da fabricante de jatos brasileira, prestes a ser comprada pela americana Boeing, maior exportadora de aeronaves do mundo. A unidade, que ser\u00e1 batizada como Boeing Brasil Commercial, [&hellip;]<\/p>\n","protected":false},"author":1,"featured_media":20856,"comment_status":"open","ping_status":"open","sticky":false,"template":"","format":"standard","meta":{"footnotes":""},"categories":[1],"tags":[],"class_list":["post-21366","post","type-post","status-publish","format-standard","has-post-thumbnail","hentry","category-curso-de-copy"],"_links":{"self":[{"href":"https:\/\/wiy.com.br\/noticias\/wp-json\/wp\/v2\/posts\/21366","targetHints":{"allow":["GET"]}}],"collection":[{"href":"https:\/\/wiy.com.br\/noticias\/wp-json\/wp\/v2\/posts"}],"about":[{"href":"https:\/\/wiy.com.br\/noticias\/wp-json\/wp\/v2\/types\/post"}],"author":[{"embeddable":true,"href":"https:\/\/wiy.com.br\/noticias\/wp-json\/wp\/v2\/users\/1"}],"replies":[{"embeddable":true,"href":"https:\/\/wiy.com.br\/noticias\/wp-json\/wp\/v2\/comments?post=21366"}],"version-history":[{"count":0,"href":"https:\/\/wiy.com.br\/noticias\/wp-json\/wp\/v2\/posts\/21366\/revisions"}],"wp:featuredmedia":[{"embeddable":true,"href":"https:\/\/wiy.com.br\/noticias\/wp-json\/wp\/v2\/media\/20856"}],"wp:attachment":[{"href":"https:\/\/wiy.com.br\/noticias\/wp-json\/wp\/v2\/media?parent=21366"}],"wp:term":[{"taxonomy":"category","embeddable":true,"href":"https:\/\/wiy.com.br\/noticias\/wp-json\/wp\/v2\/categories?post=21366"},{"taxonomy":"post_tag","embeddable":true,"href":"https:\/\/wiy.com.br\/noticias\/wp-json\/wp\/v2\/tags?post=21366"}],"curies":[{"name":"wp","href":"https:\/\/api.w.org\/{rel}","templated":true}]}}