{"id":2135,"date":"2023-02-26T15:50:05","date_gmt":"2023-02-26T18:50:05","guid":{"rendered":"https:\/\/wiy.com.br\/noticias\/brumadinho-aplicara-multa-de-r-100-milhoes-a-vale-diz-prefeito\/"},"modified":"2019-01-27T16:03:31","modified_gmt":"2019-01-27T18:03:31","slug":"brumadinho-aplicara-multa-de-r-100-milhoes-a-vale-diz-prefeito","status":"publish","type":"post","link":"https:\/\/wiy.com.br\/noticias\/brumadinho-aplicara-multa-de-r-100-milhoes-a-vale-diz-prefeito\/","title":{"rendered":"Brumadinho aplicar\u00e1 multa de R$ 100 milh\u00f5es \u00e0 Vale, diz prefeito"},"content":{"rendered":"<p> <br \/>\n<\/p>\n<p>Brumadinho &#8211; O prefeito de <a href=\"https:\/\/exame.abril.com.br\/noticias-sobre\/brumadinho\"><strong>Brumadinho<\/strong><\/a> (MG), Avimar de Melo Barcelos (PV), informou neste domingo, 27, que vai multar a <a href=\"https:\/\/exame.abril.com.br\/noticias-sobre\/vale\"><strong>Vale<\/strong><\/a> em R$ 100 milh\u00f5es. Ele comunicou a decis\u00e3o ao presidente da Vale, Fabio Schvartsman, com quem esteve na tarde deste domingo. Segundo o prefeito, Schvartsman garantiu ao prefeito que a empresa daria toda a aten\u00e7\u00e3o \u00e0s v\u00edtimas e \u00e0 cidade. &#8220;Mas vai ajudar como?&#8221;, indagou.<\/p>\n<p>O prefeito tamb\u00e9m disse que vai exigir da Vale que pague a todos os seus funcion\u00e1rios, mesmo que n\u00e3o estavam trabalhando no momento, al\u00e9m de todo o apoio aos familiares das v\u00edtimas.<\/p>\n<div class=\"widget-news widget-box no-margin no-border\"><span class=\"widget-news-title content-box-title\">Veja tamb\u00e9m<\/span><\/p>\n<ul class=\"widget-news-list\">\n<li class=\"widget-news-item without-thumb with-border\">\n<div class=\"widget-news-info\"><a href=\"http:\/\/exame.abril.com.br\/brasil\">BRASIL<\/a><span class=\"widget-news-item-title\"><a href=\"https:\/\/exame.abril.com.br\/brasil\/buscas-por-sobreviventes-em-brumadinho-sao-retomadas-diz-defesa-civil\/\">Buscas por sobreviventes em Brumadinho s\u00e3o retomadas, diz Defesa Civil<\/a><\/span><span class=\"widget-news-item-date\">27 jan 2019 &#8211; 15h01<\/span><\/div>\n<\/li>\n<\/ul>\n<\/div>\n<p>&#8220;Esper\u00e1vamos que a Vale tivesse aprendido uma li\u00e7\u00e3o com o que aconteceu em Mariana e deixaram acontecer isso com o nosso munic\u00edpio&#8221;, disse Barcelos. Segundo ele, a prefeitura n\u00e3o tem nenhuma responsabilidade com o rompimento da barragem.<\/p>\n<p>&#8220;Foi responsabilidade da Vale. Uma empresa t\u00e3o grande como a Vale, que vai deixar o restaurante abaixo da barragem? O plano de conten\u00e7\u00e3o \u00e9 responsabilidade da Vale e do Estado&#8221;, afirmou.<\/p>\n<p><br \/>\n<br \/><a href=\"https:\/\/exame.abril.com.br\/brasil\/brumadinho-aplicara-multa-de-r-100-milhoes-a-vale-diz-prefeito\/\">Source link <\/a><\/p>\n","protected":false},"excerpt":{"rendered":"<p>Brumadinho &#8211; O prefeito de Brumadinho (MG), Avimar de Melo Barcelos (PV), informou neste domingo, 27, que vai multar a Vale em R$ 100 milh\u00f5es. Ele comunicou a decis\u00e3o ao presidente da Vale, Fabio Schvartsman, com quem esteve na tarde deste domingo. Segundo o prefeito, Schvartsman garantiu ao prefeito que a empresa daria toda a [&hellip;]<\/p>\n","protected":false},"author":1,"featured_media":2136,"comment_status":"open","ping_status":"open","sticky":false,"template":"","format":"standard","meta":{"footnotes":""},"categories":[337],"tags":[],"class_list":["post-2135","post","type-post","status-publish","format-standard","has-post-thumbnail","hentry","category-noticias"],"_links":{"self":[{"href":"https:\/\/wiy.com.br\/noticias\/wp-json\/wp\/v2\/posts\/2135","targetHints":{"allow":["GET"]}}],"collection":[{"href":"https:\/\/wiy.com.br\/noticias\/wp-json\/wp\/v2\/posts"}],"about":[{"href":"https:\/\/wiy.com.br\/noticias\/wp-json\/wp\/v2\/types\/post"}],"author":[{"embeddable":true,"href":"https:\/\/wiy.com.br\/noticias\/wp-json\/wp\/v2\/users\/1"}],"replies":[{"embeddable":true,"href":"https:\/\/wiy.com.br\/noticias\/wp-json\/wp\/v2\/comments?post=2135"}],"version-history":[{"count":0,"href":"https:\/\/wiy.com.br\/noticias\/wp-json\/wp\/v2\/posts\/2135\/revisions"}],"wp:featuredmedia":[{"embeddable":true,"href":"https:\/\/wiy.com.br\/noticias\/wp-json\/wp\/v2\/media\/2136"}],"wp:attachment":[{"href":"https:\/\/wiy.com.br\/noticias\/wp-json\/wp\/v2\/media?parent=2135"}],"wp:term":[{"taxonomy":"category","embeddable":true,"href":"https:\/\/wiy.com.br\/noticias\/wp-json\/wp\/v2\/categories?post=2135"},{"taxonomy":"post_tag","embeddable":true,"href":"https:\/\/wiy.com.br\/noticias\/wp-json\/wp\/v2\/tags?post=2135"}],"curies":[{"name":"wp","href":"https:\/\/api.w.org\/{rel}","templated":true}]}}