{"id":2083,"date":"2023-02-26T15:21:53","date_gmt":"2023-02-26T18:21:53","guid":{"rendered":"https:\/\/wiy.com.br\/noticias\/lista-de-obras-para-fuvest-2019-tem-mudancas-em-relacao-a-2017\/"},"modified":"2019-01-27T04:21:13","modified_gmt":"2019-01-27T06:21:13","slug":"lista-de-obras-para-fuvest-2019-tem-mudancas-em-relacao-a-2017","status":"publish","type":"post","link":"https:\/\/wiy.com.br\/noticias\/lista-de-obras-para-fuvest-2019-tem-mudancas-em-relacao-a-2017\/","title":{"rendered":"Lista de obras para Fuvest 2019 tem mudan\u00e7as em rela\u00e7\u00e3o a 2017"},"content":{"rendered":"<p> <br \/>\n<\/p>\n<p>S\u00e3o Paulo &#8211; Quem vai prestar a <a href=\"https:\/\/exame.abril.com.br\/noticias-sobre\/Fuvest\/\"><strong>Fuvest<\/strong><\/a>, vestibular que \u00e9 uma das formas de acesso \u00e0s vagas da Universidade de S\u00e3o Paulo (USP), deve ficar atento \u00e0s altera\u00e7\u00f5es na lista de livros obrigat\u00f3rios da prova. Houve mudan\u00e7a na rela\u00e7\u00e3o de obras do vestibular passado. Entre as mudan\u00e7as est\u00e1 a retirada do livro <em>A cidade e as serras<\/em> e a inclus\u00e3o da obra <em>A rel\u00edquia<\/em>, ambas do mesmo autor E\u00e7a de Queir\u00f3s.<\/p>\n<p>Essas altera\u00e7\u00f5es j\u00e1 estavam previstas desde 2016, quando o Conselho de Gradua\u00e7\u00e3o da USP aprovou a lista de obras de leitura obrigat\u00f3ria para os vestibulares 2017, 2018 e 2019.<\/p>\n<p>Confira a rela\u00e7\u00e3o completa das obras liter\u00e1rias:<\/p>\n<p>Iracema &#8211; Jos\u00e9 de Alencar<\/p>\n<p>Mem\u00f3rias P\u00f3stumas de Br\u00e1s Cubas &#8211; Machado de Assis<\/p>\n<p>A Rel\u00edquia &#8211; E\u00e7a de Queiroz<\/p>\n<p>O Corti\u00e7o &#8211; Alu\u00edsio Azevedo<\/p>\n<p>Vidas Secas &#8211; Graciliano Ramos<\/p>\n<p>Minha Vida de Menina &#8211; Helena Morley<\/p>\n<p>Claro Enigma &#8211; Carlos Drummond de Andrade<\/p>\n<p>Sagarana &#8211; Jo\u00e3o Guimar\u00e3es Rosa<\/p>\n<p>Mayombe &#8211; Pepetela<\/p>\n<p><br \/>\n<br \/><a href=\"https:\/\/exame.abril.com.br\/brasil\/lista-de-obras-para-fuvest-2019-tem-mudancas-em-relacao-a-2017\/\">Source link <\/a><\/p>\n","protected":false},"excerpt":{"rendered":"<p>S\u00e3o Paulo &#8211; Quem vai prestar a Fuvest, vestibular que \u00e9 uma das formas de acesso \u00e0s vagas da Universidade de S\u00e3o Paulo (USP), deve ficar atento \u00e0s altera\u00e7\u00f5es na lista de livros obrigat\u00f3rios da prova. Houve mudan\u00e7a na rela\u00e7\u00e3o de obras do vestibular passado. Entre as mudan\u00e7as est\u00e1 a retirada do livro A cidade [&hellip;]<\/p>\n","protected":false},"author":1,"featured_media":2084,"comment_status":"open","ping_status":"open","sticky":false,"template":"","format":"standard","meta":{"footnotes":""},"categories":[5],"tags":[],"class_list":["post-2083","post","type-post","status-publish","format-standard","has-post-thumbnail","hentry","category-tecnologia"],"_links":{"self":[{"href":"https:\/\/wiy.com.br\/noticias\/wp-json\/wp\/v2\/posts\/2083","targetHints":{"allow":["GET"]}}],"collection":[{"href":"https:\/\/wiy.com.br\/noticias\/wp-json\/wp\/v2\/posts"}],"about":[{"href":"https:\/\/wiy.com.br\/noticias\/wp-json\/wp\/v2\/types\/post"}],"author":[{"embeddable":true,"href":"https:\/\/wiy.com.br\/noticias\/wp-json\/wp\/v2\/users\/1"}],"replies":[{"embeddable":true,"href":"https:\/\/wiy.com.br\/noticias\/wp-json\/wp\/v2\/comments?post=2083"}],"version-history":[{"count":0,"href":"https:\/\/wiy.com.br\/noticias\/wp-json\/wp\/v2\/posts\/2083\/revisions"}],"wp:featuredmedia":[{"embeddable":true,"href":"https:\/\/wiy.com.br\/noticias\/wp-json\/wp\/v2\/media\/2084"}],"wp:attachment":[{"href":"https:\/\/wiy.com.br\/noticias\/wp-json\/wp\/v2\/media?parent=2083"}],"wp:term":[{"taxonomy":"category","embeddable":true,"href":"https:\/\/wiy.com.br\/noticias\/wp-json\/wp\/v2\/categories?post=2083"},{"taxonomy":"post_tag","embeddable":true,"href":"https:\/\/wiy.com.br\/noticias\/wp-json\/wp\/v2\/tags?post=2083"}],"curies":[{"name":"wp","href":"https:\/\/api.w.org\/{rel}","templated":true}]}}