{"id":2073,"date":"2023-02-26T14:58:29","date_gmt":"2023-02-26T17:58:29","guid":{"rendered":"https:\/\/wiy.com.br\/noticias\/crise-de-estados-tambem-se-deve-a-previdencia\/"},"modified":"2019-01-27T01:31:28","modified_gmt":"2019-01-27T03:31:28","slug":"crise-de-estados-tambem-se-deve-a-previdencia","status":"publish","type":"post","link":"https:\/\/wiy.com.br\/noticias\/crise-de-estados-tambem-se-deve-a-previdencia\/","title":{"rendered":"Crise de estados tamb\u00e9m se deve \u00e0 Previd\u00eancia"},"content":{"rendered":"<p> <br \/>\n<br \/>Conte\u00fado exclusivo para assinantes, acesse no site do globo.<br \/>\n<br \/><br \/>\n<br \/><a href=\"https:\/\/oglobo.globo.com\/opiniao\/crise-de-estados-tambem-se-deve-previdencia-23403555\">Source link <\/a><\/p>\n","protected":false},"excerpt":{"rendered":"<p>Conte\u00fado exclusivo para assinantes, acesse no site do globo. Source link<\/p>\n","protected":false},"author":1,"featured_media":0,"comment_status":"open","ping_status":"open","sticky":false,"template":"","format":"standard","meta":{"footnotes":""},"categories":[339],"tags":[],"class_list":["post-2073","post","type-post","status-publish","format-standard","hentry","category-negocios"],"_links":{"self":[{"href":"https:\/\/wiy.com.br\/noticias\/wp-json\/wp\/v2\/posts\/2073","targetHints":{"allow":["GET"]}}],"collection":[{"href":"https:\/\/wiy.com.br\/noticias\/wp-json\/wp\/v2\/posts"}],"about":[{"href":"https:\/\/wiy.com.br\/noticias\/wp-json\/wp\/v2\/types\/post"}],"author":[{"embeddable":true,"href":"https:\/\/wiy.com.br\/noticias\/wp-json\/wp\/v2\/users\/1"}],"replies":[{"embeddable":true,"href":"https:\/\/wiy.com.br\/noticias\/wp-json\/wp\/v2\/comments?post=2073"}],"version-history":[{"count":0,"href":"https:\/\/wiy.com.br\/noticias\/wp-json\/wp\/v2\/posts\/2073\/revisions"}],"wp:attachment":[{"href":"https:\/\/wiy.com.br\/noticias\/wp-json\/wp\/v2\/media?parent=2073"}],"wp:term":[{"taxonomy":"category","embeddable":true,"href":"https:\/\/wiy.com.br\/noticias\/wp-json\/wp\/v2\/categories?post=2073"},{"taxonomy":"post_tag","embeddable":true,"href":"https:\/\/wiy.com.br\/noticias\/wp-json\/wp\/v2\/tags?post=2073"}],"curies":[{"name":"wp","href":"https:\/\/api.w.org\/{rel}","templated":true}]}}