{"id":2052,"date":"2023-02-26T15:37:14","date_gmt":"2023-02-26T18:37:14","guid":{"rendered":"https:\/\/wiy.com.br\/noticias\/suspeito-de-matar-pm-em-itaborai-e-preso-em-sao-goncalo\/"},"modified":"2019-01-26T22:10:27","modified_gmt":"2019-01-27T00:10:27","slug":"suspeito-de-matar-pm-em-itaborai-e-preso-em-sao-goncalo","status":"publish","type":"post","link":"https:\/\/wiy.com.br\/noticias\/suspeito-de-matar-pm-em-itaborai-e-preso-em-sao-goncalo\/","title":{"rendered":"Suspeito de matar PM em Itabora\u00ed \u00e9 preso em S\u00e3o Gon\u00e7alo"},"content":{"rendered":"<p> <br \/>\n<br \/>RIO &#8211; Um homem suspeito de participa\u00e7\u00e3o na morte do cabo da Pol\u00edcia Militar Rodrigo Marques Paiva, de 35 anos, foi preso neste s\u00e1bado no bairro Gradim, em S\u00e3o Gon\u00e7alo.Segundo a PM, den\u00fancias levaram policiais a uma casa na Rua Silvio Vale, onde o&#8230;<br \/>\n<br \/><br \/>\n<br \/><a href=\"https:\/\/oglobo.globo.com\/rio\/suspeito-de-matar-pm-em-itaborai-preso-em-sao-goncalo-23405934\">Source link <\/a><\/p>\n","protected":false},"excerpt":{"rendered":"<p>RIO &#8211; Um homem suspeito de participa\u00e7\u00e3o na morte do cabo da Pol\u00edcia Militar Rodrigo Marques Paiva, de 35 anos, foi preso neste s\u00e1bado no bairro Gradim, em S\u00e3o Gon\u00e7alo.Segundo a PM, den\u00fancias levaram policiais a uma casa na Rua Silvio Vale, onde o&#8230; Source link<\/p>\n","protected":false},"author":1,"featured_media":0,"comment_status":"open","ping_status":"open","sticky":false,"template":"","format":"standard","meta":{"footnotes":""},"categories":[337],"tags":[],"class_list":["post-2052","post","type-post","status-publish","format-standard","hentry","category-noticias"],"_links":{"self":[{"href":"https:\/\/wiy.com.br\/noticias\/wp-json\/wp\/v2\/posts\/2052","targetHints":{"allow":["GET"]}}],"collection":[{"href":"https:\/\/wiy.com.br\/noticias\/wp-json\/wp\/v2\/posts"}],"about":[{"href":"https:\/\/wiy.com.br\/noticias\/wp-json\/wp\/v2\/types\/post"}],"author":[{"embeddable":true,"href":"https:\/\/wiy.com.br\/noticias\/wp-json\/wp\/v2\/users\/1"}],"replies":[{"embeddable":true,"href":"https:\/\/wiy.com.br\/noticias\/wp-json\/wp\/v2\/comments?post=2052"}],"version-history":[{"count":0,"href":"https:\/\/wiy.com.br\/noticias\/wp-json\/wp\/v2\/posts\/2052\/revisions"}],"wp:attachment":[{"href":"https:\/\/wiy.com.br\/noticias\/wp-json\/wp\/v2\/media?parent=2052"}],"wp:term":[{"taxonomy":"category","embeddable":true,"href":"https:\/\/wiy.com.br\/noticias\/wp-json\/wp\/v2\/categories?post=2052"},{"taxonomy":"post_tag","embeddable":true,"href":"https:\/\/wiy.com.br\/noticias\/wp-json\/wp\/v2\/tags?post=2052"}],"curies":[{"name":"wp","href":"https:\/\/api.w.org\/{rel}","templated":true}]}}