{"id":2045,"date":"2023-02-26T15:46:15","date_gmt":"2023-02-26T18:46:15","guid":{"rendered":"https:\/\/wiy.com.br\/noticias\/presidente-da-vale-assegurou-em-2018-que-empresa-tinha-barragens-impecaveis\/"},"modified":"2019-01-26T21:09:26","modified_gmt":"2019-01-26T23:09:26","slug":"presidente-da-vale-assegurou-em-2018-que-empresa-tinha-barragens-impecaveis","status":"publish","type":"post","link":"https:\/\/wiy.com.br\/noticias\/presidente-da-vale-assegurou-em-2018-que-empresa-tinha-barragens-impecaveis\/","title":{"rendered":"Presidente da Vale assegurou em 2018 que empresa tinha &#039;barragens impec\u00e1veis&#039;"},"content":{"rendered":"<p> <br \/>\n<br \/>O presidente da Vale, Fabio Schvartsman, afirmou que o estado das barragens da Vale era impec\u00e1vel, e que, caso outra trag\u00e9dia de Mariana se repetisse, sua gest\u00e3o \u00e0 frente da mineradora seria &#8220;curta&#8221;.As declara\u00e7\u00f5es foram em abril de 2018 ao jornal&#8230;<br \/>\n<br \/><br \/>\n<br \/><a href=\"https:\/\/epoca.globo.com\/guilherme-amado\/presidente-da-vale-assegurou-em-2018-que-empresa-tinha-barragens-impecaveis-23405862\">Source link <\/a><\/p>\n","protected":false},"excerpt":{"rendered":"<p>O presidente da Vale, Fabio Schvartsman, afirmou que o estado das barragens da Vale era impec\u00e1vel, e que, caso outra trag\u00e9dia de Mariana se repetisse, sua gest\u00e3o \u00e0 frente da mineradora seria &#8220;curta&#8221;.As declara\u00e7\u00f5es foram em abril de 2018 ao jornal&#8230; Source link<\/p>\n","protected":false},"author":1,"featured_media":0,"comment_status":"open","ping_status":"open","sticky":false,"template":"","format":"standard","meta":{"footnotes":""},"categories":[337],"tags":[],"class_list":["post-2045","post","type-post","status-publish","format-standard","hentry","category-noticias"],"_links":{"self":[{"href":"https:\/\/wiy.com.br\/noticias\/wp-json\/wp\/v2\/posts\/2045","targetHints":{"allow":["GET"]}}],"collection":[{"href":"https:\/\/wiy.com.br\/noticias\/wp-json\/wp\/v2\/posts"}],"about":[{"href":"https:\/\/wiy.com.br\/noticias\/wp-json\/wp\/v2\/types\/post"}],"author":[{"embeddable":true,"href":"https:\/\/wiy.com.br\/noticias\/wp-json\/wp\/v2\/users\/1"}],"replies":[{"embeddable":true,"href":"https:\/\/wiy.com.br\/noticias\/wp-json\/wp\/v2\/comments?post=2045"}],"version-history":[{"count":0,"href":"https:\/\/wiy.com.br\/noticias\/wp-json\/wp\/v2\/posts\/2045\/revisions"}],"wp:attachment":[{"href":"https:\/\/wiy.com.br\/noticias\/wp-json\/wp\/v2\/media?parent=2045"}],"wp:term":[{"taxonomy":"category","embeddable":true,"href":"https:\/\/wiy.com.br\/noticias\/wp-json\/wp\/v2\/categories?post=2045"},{"taxonomy":"post_tag","embeddable":true,"href":"https:\/\/wiy.com.br\/noticias\/wp-json\/wp\/v2\/tags?post=2045"}],"curies":[{"name":"wp","href":"https:\/\/api.w.org\/{rel}","templated":true}]}}