{"id":20382,"date":"2023-02-26T15:04:02","date_gmt":"2023-02-26T18:04:02","guid":{"rendered":"https:\/\/wiy.com.br\/noticias\/petrobras-traca-plano-para-venda-de-oito-refinarias\/"},"modified":"2019-05-11T09:41:08","modified_gmt":"2019-05-11T12:41:08","slug":"petrobras-traca-plano-para-venda-de-oito-refinarias","status":"publish","type":"post","link":"https:\/\/wiy.com.br\/noticias\/petrobras-traca-plano-para-venda-de-oito-refinarias\/","title":{"rendered":"Petrobras tra\u00e7a plano para venda de oito refinarias"},"content":{"rendered":"<p> <br \/>\n<\/p>\n<p>Rio &#8211; A <strong><a href=\"https:\/\/exame.abril.com.br\/noticias-sobre\/petrobras\/\">Petrobras<\/a> <\/strong>espera concluir a venda de oito <strong>refinarias de petr\u00f3leo<\/strong> e da infraestrutura log\u00edstica associada a elas em 2021. \u00c0 medida que as negocia\u00e7\u00f5es avan\u00e7arem, as unidades v\u00e3o ser transformadas em empresas independentes, que poder\u00e3o contratar os empregados da estatal. Esse detalhamento de como acontecer\u00e1 a privatiza\u00e7\u00e3o faz parte de um comunicado da diretora de Refino e G\u00e1s, Anelise Lara, aos funcion\u00e1rios, ao qual o &#8216;Estad\u00e3o\/Broadcast&#8217; teve acesso.<\/p>\n<p>No documento, a executiva afirma que, mesmo com a venda de oito refinarias &#8211; as usinas que transformam o \u00f3leo bruto em produtos como diesel, gasolina e querosene de avia\u00e7\u00e3o, por exemplo -, a Petrobras continuar\u00e1 dominando o setor, uma atividade considerada estrat\u00e9gica. A diferen\u00e7a \u00e9 que os investimentos, ap\u00f3s a venda dos ativos, ser\u00e3o focados nas unidades da Regi\u00e3o Sudeste, onde est\u00e3o localizados os grandes campos produtores de petr\u00f3leo e g\u00e1s natural, nas Bacias de Campos e Santos.<\/p>\n<p>A expectativa \u00e9 que a divulga\u00e7\u00e3o oficial para o mercado das informa\u00e7\u00f5es preliminares sobre cada um dos ativos de refino aconte\u00e7a no fim do primeiro semestre deste ano. Ao longo do segundo semestre de 2019 e nos primeiros seis meses de 2020, prosseguir\u00e3o as negocia\u00e7\u00f5es. Passada essa fase, as refinarias que despertarem o interesse de compradores v\u00e3o ser separadas do parque de refino estatal e ser\u00e3o transformadas em empresas independentes. A partir da\u00ed, ser\u00e1 iniciada a fase de transfer\u00eancia da opera\u00e7\u00e3o, at\u00e9 que a venda seja conclu\u00edda, o que deve acontecer em 2021.<\/p>\n<p>Aos empregados das refinarias, a diretora informou que a empresa oferecer\u00e1 um &#8220;card\u00e1pio de op\u00e7\u00f5es&#8221;, que inclui o programa de desligamento volunt\u00e1rio (PDV) j\u00e1 em curso e a realoca\u00e7\u00e3o interna, se houver interesse da companhia. Ainda deve ser oferecido um plano de desligamento via acordo e a possibilidade de os funcion\u00e1rios migrarem para a empresa que vai ser criada.<\/p>\n<p>Ap\u00f3s a conclus\u00e3o da venda, ser\u00e1 iniciado um per\u00edodo de transi\u00e7\u00e3o, cuja dura\u00e7\u00e3o vai ser negociada com os compradores. Durante esse per\u00edodo, os empregados continuar\u00e3o a trabalhar na refinaria como parte da equipe da Petrobras. Nesse momento, o comprador poder\u00e1 convidar alguns dos profissionais a fazer parte da nova empresa. Caber\u00e1 ao funcion\u00e1rio decidir se vai aceitar ou se prefere continuar na estatal. Mas a Petrobras tamb\u00e9m ter\u00e1 a op\u00e7\u00e3o de escolher com quais empregados quer ficar. &#8220;As refinarias que ser\u00e3o mantidas v\u00e3o implantar, de modo intensivo, novas tecnologias de transforma\u00e7\u00e3o digital, incluindo a gera\u00e7\u00e3o de produtos mais sustent\u00e1veis e de alto valor agregado&#8221;, acrescentou a diretora. As informa\u00e7\u00f5es s\u00e3o do jornal O Estado de S. Paulo.<\/p>\n<p><br \/>\n<br \/><a href=\"https:\/\/exame.abril.com.br\/negocios\/petrobras-traca-plano-para-venda-de-oito-refinarias\/\">Fonte do Artigo <\/a><\/p>\n","protected":false},"excerpt":{"rendered":"<p>Rio &#8211; A Petrobras espera concluir a venda de oito refinarias de petr\u00f3leo e da infraestrutura log\u00edstica associada a elas em 2021. \u00c0 medida que as negocia\u00e7\u00f5es avan\u00e7arem, as unidades v\u00e3o ser transformadas em empresas independentes, que poder\u00e3o contratar os empregados da estatal. Esse detalhamento de como acontecer\u00e1 a privatiza\u00e7\u00e3o faz parte de um comunicado [&hellip;]<\/p>\n","protected":false},"author":1,"featured_media":20198,"comment_status":"open","ping_status":"open","sticky":false,"template":"","format":"standard","meta":{"footnotes":""},"categories":[1],"tags":[],"class_list":["post-20382","post","type-post","status-publish","format-standard","has-post-thumbnail","hentry","category-curso-de-copy"],"_links":{"self":[{"href":"https:\/\/wiy.com.br\/noticias\/wp-json\/wp\/v2\/posts\/20382","targetHints":{"allow":["GET"]}}],"collection":[{"href":"https:\/\/wiy.com.br\/noticias\/wp-json\/wp\/v2\/posts"}],"about":[{"href":"https:\/\/wiy.com.br\/noticias\/wp-json\/wp\/v2\/types\/post"}],"author":[{"embeddable":true,"href":"https:\/\/wiy.com.br\/noticias\/wp-json\/wp\/v2\/users\/1"}],"replies":[{"embeddable":true,"href":"https:\/\/wiy.com.br\/noticias\/wp-json\/wp\/v2\/comments?post=20382"}],"version-history":[{"count":0,"href":"https:\/\/wiy.com.br\/noticias\/wp-json\/wp\/v2\/posts\/20382\/revisions"}],"wp:featuredmedia":[{"embeddable":true,"href":"https:\/\/wiy.com.br\/noticias\/wp-json\/wp\/v2\/media\/20198"}],"wp:attachment":[{"href":"https:\/\/wiy.com.br\/noticias\/wp-json\/wp\/v2\/media?parent=20382"}],"wp:term":[{"taxonomy":"category","embeddable":true,"href":"https:\/\/wiy.com.br\/noticias\/wp-json\/wp\/v2\/categories?post=20382"},{"taxonomy":"post_tag","embeddable":true,"href":"https:\/\/wiy.com.br\/noticias\/wp-json\/wp\/v2\/tags?post=20382"}],"curies":[{"name":"wp","href":"https:\/\/api.w.org\/{rel}","templated":true}]}}