{"id":19968,"date":"2023-02-26T15:16:26","date_gmt":"2023-02-26T18:16:26","guid":{"rendered":"https:\/\/wiy.com.br\/noticias\/estudantes-do-rio-convocam-ato-contra-bolsonaro-na-segunda-feira\/"},"modified":"2019-05-05T16:44:08","modified_gmt":"2019-05-05T19:44:08","slug":"estudantes-do-rio-convocam-ato-contra-bolsonaro-na-segunda-feira","status":"publish","type":"post","link":"https:\/\/wiy.com.br\/noticias\/estudantes-do-rio-convocam-ato-contra-bolsonaro-na-segunda-feira\/","title":{"rendered":"Estudantes do Rio convocam ato contra Bolsonaro na segunda-feira"},"content":{"rendered":"<p> <br \/>\n<\/p>\n<p>Rio de Janeiro &#8211; <strong><a href=\"https:\/\/exame.abril.com.br\/noticias-sobre\/educacao\/\" target=\"_blank\" rel=\"noopener noreferrer\">Estudantes<\/a><\/strong> de tr\u00eas institui\u00e7\u00f5es de ensino federais est\u00e3o organizando uma manifesta\u00e7\u00e3o para a manh\u00e3 desta segunda-feira, 6, em frente ao Col\u00e9gio Militar do Rio (CMRJ), no bairro do Maracan\u00e3, zona norte da cidade.<\/p>\n<p>O presidente Jair Bolsonaro estar\u00e1 na institui\u00e7\u00e3o para o lan\u00e7amento de um selo e de uma medalha comemorativos aos 130 anos do CMRJ.<\/p>\n<p>O ato dever\u00e1 reunir estudantes do Col\u00e9gio Pedro II, um dos mais tradicionais do Rio, do Centro Federal de Educa\u00e7\u00e3o Tecnol\u00f3gica (Cefet) do Maracan\u00e3, e do Instituto Federal do Rio de Janeiro (IFRJ). A manifesta\u00e7\u00e3o ser\u00e1 em protesto contra cortes no or\u00e7amento da Educa\u00e7\u00e3o anunciados pelo governo Bolsonaro.<\/p>\n<p>Na semana passada, o ministro Abraham Weintraub disse em entrevista ao jornal O Estado de S\u00e3o Paulo que o MEC iria reduzir o repasse de verbas a universidades que n\u00e3o atingissem desempenho adequado e que promovessem &#8220;balb\u00fardia&#8221; nos campi.<\/p>\n<div class=\"widget-news widget-box no-margin no-border\"><span class=\"widget-news-title content-box-title\">Veja tamb\u00e9m<\/span><\/p>\n<ul class=\"widget-news-list\">\n<li class=\"widget-news-item without-thumb with-border\">\n<div class=\"widget-news-info\"><a href=\"http:\/\/exame.abril.com.br\/brasil\">BRASIL<\/a><span class=\"widget-news-item-title\"><a href=\"https:\/\/exame.abril.com.br\/brasil\/paulo-freirevenerado-la-fora-exilado-no-brasil-a-trajetoria-do-educador-paulo-freire\/\">Venerado l\u00e1 fora, questionado no Brasil: o legado do educador Paulo Freire<\/a><\/span><span class=\"widget-news-item-date\">5 maio 2019 &#8211; 08h05<\/span><\/div>\n<\/li>\n<\/ul>\n<\/div>\n<p>Ap\u00f3s a repercuss\u00e3o negativa das declara\u00e7\u00f5es, o minist\u00e9rio divulgou nota informando que os cortes seriam estendidos a todas as institui\u00e7\u00f5es em decorr\u00eancia de um contingenciamento de recursos decretados pelo governo, que definiu bloqueio de R$ 5,8 bilh\u00f5es do or\u00e7amento da pasta.<\/p>\n<p>Reitores de diversas universidades do Pa\u00eds demonstraram preocupa\u00e7\u00e3o com o corte. Alguns chegaram a afirmar que a redu\u00e7\u00e3o poder\u00e1 inviabilizar as institui\u00e7\u00f5es no segundo semestre.<\/p>\n<p>No Rio, diretores do Pedro II assinaram carta informando que o col\u00e9gio teve redu\u00e7\u00e3o de 36,37% do seu or\u00e7amento de custeio previsto para este ano, o que equivale a R$ 18,57 milh\u00f5es.<\/p>\n<p><br \/>\n<br \/><a href=\"https:\/\/exame.abril.com.br\/brasil\/estudantes-do-rio-convocam-ato-contra-bolsonaro-na-segunda-feira\/\">Fonte do artigo <\/a><\/p>\n","protected":false},"excerpt":{"rendered":"<p>Rio de Janeiro &#8211; Estudantes de tr\u00eas institui\u00e7\u00f5es de ensino federais est\u00e3o organizando uma manifesta\u00e7\u00e3o para a manh\u00e3 desta segunda-feira, 6, em frente ao Col\u00e9gio Militar do Rio (CMRJ), no bairro do Maracan\u00e3, zona norte da cidade. O presidente Jair Bolsonaro estar\u00e1 na institui\u00e7\u00e3o para o lan\u00e7amento de um selo e de uma medalha comemorativos [&hellip;]<\/p>\n","protected":false},"author":1,"featured_media":19969,"comment_status":"open","ping_status":"open","sticky":false,"template":"","format":"standard","meta":{"footnotes":""},"categories":[1],"tags":[],"class_list":["post-19968","post","type-post","status-publish","format-standard","has-post-thumbnail","hentry","category-curso-de-copy"],"_links":{"self":[{"href":"https:\/\/wiy.com.br\/noticias\/wp-json\/wp\/v2\/posts\/19968","targetHints":{"allow":["GET"]}}],"collection":[{"href":"https:\/\/wiy.com.br\/noticias\/wp-json\/wp\/v2\/posts"}],"about":[{"href":"https:\/\/wiy.com.br\/noticias\/wp-json\/wp\/v2\/types\/post"}],"author":[{"embeddable":true,"href":"https:\/\/wiy.com.br\/noticias\/wp-json\/wp\/v2\/users\/1"}],"replies":[{"embeddable":true,"href":"https:\/\/wiy.com.br\/noticias\/wp-json\/wp\/v2\/comments?post=19968"}],"version-history":[{"count":0,"href":"https:\/\/wiy.com.br\/noticias\/wp-json\/wp\/v2\/posts\/19968\/revisions"}],"wp:featuredmedia":[{"embeddable":true,"href":"https:\/\/wiy.com.br\/noticias\/wp-json\/wp\/v2\/media\/19969"}],"wp:attachment":[{"href":"https:\/\/wiy.com.br\/noticias\/wp-json\/wp\/v2\/media?parent=19968"}],"wp:term":[{"taxonomy":"category","embeddable":true,"href":"https:\/\/wiy.com.br\/noticias\/wp-json\/wp\/v2\/categories?post=19968"},{"taxonomy":"post_tag","embeddable":true,"href":"https:\/\/wiy.com.br\/noticias\/wp-json\/wp\/v2\/tags?post=19968"}],"curies":[{"name":"wp","href":"https:\/\/api.w.org\/{rel}","templated":true}]}}