{"id":1996,"date":"2023-02-26T15:47:33","date_gmt":"2023-02-26T18:47:33","guid":{"rendered":"https:\/\/wiy.com.br\/noticias\/medica-e-primeira-vitima-fatal-confirmada-em-tragedia-de-brumadinho\/"},"modified":"2019-01-26T14:02:34","modified_gmt":"2019-01-26T16:02:34","slug":"medica-e-primeira-vitima-fatal-confirmada-em-tragedia-de-brumadinho","status":"publish","type":"post","link":"https:\/\/wiy.com.br\/noticias\/medica-e-primeira-vitima-fatal-confirmada-em-tragedia-de-brumadinho\/","title":{"rendered":"M\u00e9dica \u00e9 primeira v\u00edtima fatal confirmada em trag\u00e9dia de Brumadinho"},"content":{"rendered":"<p> <br \/>\n<\/p>\n<p>A doutora Marcelle Porto Cangussu, de 35 anos, \u00e9 a primeira v\u00edtima fatal confirmada ap\u00f3s o rompimento da barragem em Brumadinho, em Minas Gerais, nesta sexta (25). A mo\u00e7a atuava desde 2015 como m\u00e9dica do trabalho da empresa Vale, onde ocorreu a trag\u00e9dia. Era formada pela Universidade Federal de Minas Gerais e tamb\u00e9m trabalhava no Hospital Regional de Betim. At\u00e9 o in\u00edcio da tarde deste s\u00e1bado (26), havia nove mortes confirmadas e mais de 300 desaparecidos.<\/p>\n<figure><img title = \"[Tags]\"alt = \"marcelle-3 M\u00e9dica \u00e9 primeira v\u00edtima fatal confirmada em trag\u00e9dia de Brumadinho\"decoding=\"async\" src=\"https:\/\/abrilvejasp.files.wordpress.com\/2019\/01\/marcelle-3.jpg\" \/><figcaption>&lt;span class=&quot;hidden&quot;&gt;&#8211;&lt;\/span&gt;<span class=\"copyright\">Veja SP<\/span><\/figcaption><\/figure>\n<p>Parentes e amigos lamentaram a perda nas redes sociais:<\/p>\n<\/p>\n<\/p>\n<p><br \/>\n<br \/><a href=\"https:\/\/vejasp.abril.com.br\/cidades\/medica-primeira-vitima-brumadinho\/\">Source link <\/a><\/p>\n","protected":false},"excerpt":{"rendered":"<p>A doutora Marcelle Porto Cangussu, de 35 anos, \u00e9 a primeira v\u00edtima fatal confirmada ap\u00f3s o rompimento da barragem em Brumadinho, em Minas Gerais, nesta sexta (25). A mo\u00e7a atuava desde 2015 como m\u00e9dica do trabalho da empresa Vale, onde ocorreu a trag\u00e9dia. Era formada pela Universidade Federal de Minas Gerais e tamb\u00e9m trabalhava no [&hellip;]<\/p>\n","protected":false},"author":1,"featured_media":1997,"comment_status":"open","ping_status":"open","sticky":false,"template":"","format":"standard","meta":{"footnotes":""},"categories":[7],"tags":[],"class_list":["post-1996","post","type-post","status-publish","format-standard","has-post-thumbnail","hentry","category-economia"],"_links":{"self":[{"href":"https:\/\/wiy.com.br\/noticias\/wp-json\/wp\/v2\/posts\/1996","targetHints":{"allow":["GET"]}}],"collection":[{"href":"https:\/\/wiy.com.br\/noticias\/wp-json\/wp\/v2\/posts"}],"about":[{"href":"https:\/\/wiy.com.br\/noticias\/wp-json\/wp\/v2\/types\/post"}],"author":[{"embeddable":true,"href":"https:\/\/wiy.com.br\/noticias\/wp-json\/wp\/v2\/users\/1"}],"replies":[{"embeddable":true,"href":"https:\/\/wiy.com.br\/noticias\/wp-json\/wp\/v2\/comments?post=1996"}],"version-history":[{"count":0,"href":"https:\/\/wiy.com.br\/noticias\/wp-json\/wp\/v2\/posts\/1996\/revisions"}],"wp:featuredmedia":[{"embeddable":true,"href":"https:\/\/wiy.com.br\/noticias\/wp-json\/wp\/v2\/media\/1997"}],"wp:attachment":[{"href":"https:\/\/wiy.com.br\/noticias\/wp-json\/wp\/v2\/media?parent=1996"}],"wp:term":[{"taxonomy":"category","embeddable":true,"href":"https:\/\/wiy.com.br\/noticias\/wp-json\/wp\/v2\/categories?post=1996"},{"taxonomy":"post_tag","embeddable":true,"href":"https:\/\/wiy.com.br\/noticias\/wp-json\/wp\/v2\/tags?post=1996"}],"curies":[{"name":"wp","href":"https:\/\/api.w.org\/{rel}","templated":true}]}}