{"id":19936,"date":"2023-02-26T15:24:39","date_gmt":"2023-02-26T18:24:39","guid":{"rendered":"https:\/\/wiy.com.br\/noticias\/justica-nega-relaxamento-da-prisao-de-acusado-da-morte-de-marielle\/"},"modified":"2019-05-04T15:17:08","modified_gmt":"2019-05-04T18:17:08","slug":"justica-nega-relaxamento-da-prisao-de-acusado-da-morte-de-marielle","status":"publish","type":"post","link":"https:\/\/wiy.com.br\/noticias\/justica-nega-relaxamento-da-prisao-de-acusado-da-morte-de-marielle\/","title":{"rendered":"Justi\u00e7a nega relaxamento da pris\u00e3o de acusado da morte de Marielle"},"content":{"rendered":"<p> <br \/>\n<\/p>\n<p>A Justi\u00e7a do Rio de Janeiro negou o pedido de relaxamento da pris\u00e3o do ex-policial militar \u00c9lcio Queiroz, um dos acusados de participa\u00e7\u00e3o na morte da vereadora <a href=\"https:\/\/exame.abril.com.br\/noticias-sobre\/marielle-franco\/\"><strong>Marielle Franco<\/strong><\/a> e do motorista Anderson Gomes, crime ocorrido no dia 14 de mar\u00e7o do ano passado, no bairro do Est\u00e1cio. O pedido de habeas corpus foi negado pelo ju\u00edzo da 4\u00aa Vara Criminal do Tribunal de Justi\u00e7a.<\/p>\n<p>De acordo com a Divis\u00e3o de Homic\u00eddios da capital, Elcio \u00e9 quem dirigia o carro Cobalt usado no crime. Ele saiu de casa, em Engenho de Dentro, na zona norte, e rumou em seu carro para a Barra da Tijuca, cruzando a Linha Amarela.<\/p>\n<p>As c\u00e2meras de seguran\u00e7a flagraram \u00c9lcio chegando na Barra, local de onde partiu o carro rumo \u00e0 Rua dos Inv\u00e1lidos, na Lapa.<\/p>\n<div class=\"widget-news widget-box no-margin no-border\"><span class=\"widget-news-title content-box-title\">Veja tamb\u00e9m<\/span><\/p>\n<ul class=\"widget-news-list\">\n<li class=\"widget-news-item without-thumb with-border\">\n<div class=\"widget-news-info\"><a href=\"http:\/\/exame.abril.com.br\/brasil\">BRASIL<\/a><span class=\"widget-news-item-title\"><a href=\"https:\/\/exame.abril.com.br\/brasil\/caso-marielle-acusados-vao-responder-tambem-por-comercio-e-porte-de-arma\/\">Acusados de matar Marielle v\u00e3o responder por com\u00e9rcio e porte de arma<\/a><\/span><span class=\"widget-news-item-date\">4 abr 2019 &#8211; 22h04<\/span><\/div>\n<\/li>\n<\/ul>\n<\/div>\n<p>A vereadora participava de uma palestra na Casa das Pretas. Depois do encontro, Marielle e o motorista Anderson iam para a Tijuca, resid\u00eancia da parlamentar, quando ocorreu a emboscada no meio do trajeto.<\/p>\n<p>De acordo com as investiga\u00e7\u00f5es, os disparos teriam sido feitos pelo sargento reformado da PM Ronnie Lessa, que tamb\u00e9m est\u00e1 com a pris\u00e3o preventiva decretada. O autor dos disparos \u00e9 ex\u00edmio atirador, segundo a per\u00edcia t\u00e9cnica, porque, com os dois carros em movimento, conseguiu atingir 4 tiros na cabe\u00e7a da vereadora.<\/p>\n<p>Os dois acusados est\u00e3o \u00e0 disposi\u00e7\u00e3o da Justi\u00e7a, no pres\u00eddio federal de Mossor\u00f3, no Rio Grande do Norte. A primeira audi\u00eancia de instru\u00e7\u00e3o do processo ser\u00e1 realizada por videoconfer\u00eancia, em junho.<\/p>\n<p><br \/>\n<br \/><a href=\"https:\/\/exame.abril.com.br\/brasil\/justica-nega-relaxamento-da-prisao-de-acusado-da-morte-de-marielle\/\">Fonte do artigo <\/a><\/p>\n","protected":false},"excerpt":{"rendered":"<p>A Justi\u00e7a do Rio de Janeiro negou o pedido de relaxamento da pris\u00e3o do ex-policial militar \u00c9lcio Queiroz, um dos acusados de participa\u00e7\u00e3o na morte da vereadora Marielle Franco e do motorista Anderson Gomes, crime ocorrido no dia 14 de mar\u00e7o do ano passado, no bairro do Est\u00e1cio. O pedido de habeas corpus foi negado [&hellip;]<\/p>\n","protected":false},"author":1,"featured_media":10719,"comment_status":"open","ping_status":"open","sticky":false,"template":"","format":"standard","meta":{"footnotes":""},"categories":[1],"tags":[],"class_list":["post-19936","post","type-post","status-publish","format-standard","has-post-thumbnail","hentry","category-curso-de-copy"],"_links":{"self":[{"href":"https:\/\/wiy.com.br\/noticias\/wp-json\/wp\/v2\/posts\/19936","targetHints":{"allow":["GET"]}}],"collection":[{"href":"https:\/\/wiy.com.br\/noticias\/wp-json\/wp\/v2\/posts"}],"about":[{"href":"https:\/\/wiy.com.br\/noticias\/wp-json\/wp\/v2\/types\/post"}],"author":[{"embeddable":true,"href":"https:\/\/wiy.com.br\/noticias\/wp-json\/wp\/v2\/users\/1"}],"replies":[{"embeddable":true,"href":"https:\/\/wiy.com.br\/noticias\/wp-json\/wp\/v2\/comments?post=19936"}],"version-history":[{"count":0,"href":"https:\/\/wiy.com.br\/noticias\/wp-json\/wp\/v2\/posts\/19936\/revisions"}],"wp:featuredmedia":[{"embeddable":true,"href":"https:\/\/wiy.com.br\/noticias\/wp-json\/wp\/v2\/media\/10719"}],"wp:attachment":[{"href":"https:\/\/wiy.com.br\/noticias\/wp-json\/wp\/v2\/media?parent=19936"}],"wp:term":[{"taxonomy":"category","embeddable":true,"href":"https:\/\/wiy.com.br\/noticias\/wp-json\/wp\/v2\/categories?post=19936"},{"taxonomy":"post_tag","embeddable":true,"href":"https:\/\/wiy.com.br\/noticias\/wp-json\/wp\/v2\/tags?post=19936"}],"curies":[{"name":"wp","href":"https:\/\/api.w.org\/{rel}","templated":true}]}}