{"id":19827,"date":"2023-02-26T15:20:14","date_gmt":"2023-02-26T18:20:14","guid":{"rendered":"https:\/\/wiy.com.br\/noticias\/rede-pedira-na-justica-explicacao-sobre-declaracoes-de-executivo-da-stone\/"},"modified":"2019-05-03T01:32:21","modified_gmt":"2019-05-03T04:32:21","slug":"rede-pedira-na-justica-explicacao-sobre-declaracoes-de-executivo-da-stone","status":"publish","type":"post","link":"https:\/\/wiy.com.br\/noticias\/rede-pedira-na-justica-explicacao-sobre-declaracoes-de-executivo-da-stone\/","title":{"rendered":"Rede pedir\u00e1 na Justi\u00e7a explica\u00e7\u00e3o sobre declara\u00e7\u00f5es de executivo da Stone"},"content":{"rendered":"<p> <br \/>\n<\/p>\n<p>S\u00e3o Paulo &#8211; Em uma mais um round da guerra das maquininhas, a credenciadora de cart\u00f5es Rede vai acionar a justi\u00e7a criminal para pedir explica\u00e7\u00f5es de Augusto Lins, presidente da Associa\u00e7\u00e3o Brasileira de Institui\u00e7\u00f5es de Pagamentos (Abipag) e diretor comercial da concorrente <a href=\"https:\/\/exame.abril.com.br\/noticias-sobre\/stone\/\" target=\"_blank\" rel=\"noopener noreferrer\"><strong>Stone<\/strong><\/a>. O motivo foram as declara\u00e7\u00f5es dele sobre a iniciativa da credenciadora do<a href=\"https:\/\/exame.abril.com.br\/noticias-sobre\/itau\/\" target=\"_blank\" rel=\"noopener noreferrer\"><strong> Ita\u00fa Unibanco<\/strong> <\/a>de isentar a antecipa\u00e7\u00e3o de pagamentos no cr\u00e9dito \u00e0 vista de um m\u00eas para dois dias. Em nota, ele disse que esse an\u00fancio deveria ser encarado com &#8220;desconfian\u00e7a&#8221;, pois parte de &#8220;<span>institui\u00e7\u00f5es conhecidas por pr\u00e1ticas anticompetitivas contra o mercado&#8221;.<\/span><\/p>\n<p>A associa\u00e7\u00e3o que representa credenciadoras como Stone, FirstData e Global Payments afirmou que a exig\u00eancia do benef\u00edcio ser estendido apenas aos correntistas (novos ou atuais) do Ita\u00fa constituiria &#8220;uma venda casada e uma pol\u00edtica de pre\u00e7os predat\u00f3rios&#8221;, escreveu no comunicado, no dia 18 de abril \u2014 um dia depois do an\u00fancio da Rede.<\/p>\n<div class=\"widget-news widget-box no-margin no-border\"><span class=\"widget-news-title content-box-title\">Veja tamb\u00e9m<\/span><\/p>\n<ul class=\"widget-news-list\">\n<li class=\"widget-news-item without-thumb with-border\">\n<div class=\"widget-news-info\"><a href=\"http:\/\/exame.abril.com.br\/negocios\">NEG\u00d3CIOS<\/a><span class=\"widget-news-item-title\"><a href=\"https:\/\/exame.abril.com.br\/negocios\/itau-isenta-transferencia-de-correntistas-que-forem-clientes-da-rede\/\">Ita\u00fa isenta transfer\u00eancia de correntistas que forem clientes da Rede<\/a><\/span><span class=\"widget-news-item-date\">1 maio 2019 &#8211; 19h05<\/span><\/div>\n<\/li>\n<\/ul>\n<\/div>\n<p><span>A nota diz ainda que &#8220;ao inv\u00e9s de competir com as fintechs e insurgentes melhorando seus produtos e o servi\u00e7o oferecido aos clientes, a estrat\u00e9gia do Ita\u00fa, com a Rede, \u00e9 de usar seu poder econ\u00f4mico de forma abusiva para inibir a competi\u00e7\u00e3o e restaurar o status de monop\u00f3lio&#8221;.<\/span><\/p>\n<p>Procurada, a Rede confirma a informa\u00e7\u00e3o de que vai acionar criminalmente na justi\u00e7a o diretor da Stone, mas preferiu n\u00e3o dar mais detalhes. No dia seguinte ao an\u00fancio da credenciadora do Ita\u00fa, as a\u00e7\u00f5es da Stone ca\u00edram quase 24% na bolsa americana.<\/p>\n<p><strong>Cade<\/strong><\/p>\n<p>A Rede tem at\u00e9 a sexta-feira (3) para prestar esclarecimentos ao Conselho Administrativo de Defesa Econ\u00f4mica (Cade) sobre a iniciativa de zerar a taxa de antecipa\u00e7\u00e3o para clientes que tiverem conta no Ita\u00fa e se essa medida se configura em pr\u00e1tica anticompetitiva. O procedimento preparat\u00f3rio de inqu\u00e9rito administrativo foi aberto no dia 18 de abril. Procurada, a Stone n\u00e3o quis se pronunciar.<\/p>\n<p><br \/>\n<br \/><a href=\"https:\/\/exame.abril.com.br\/negocios\/rede-pedira-na-justica-explicacao-sobre-declaracoes-de-executivo-da-stone\/\">Fonte do Artigo <\/a><\/p>\n","protected":false},"excerpt":{"rendered":"<p>S\u00e3o Paulo &#8211; Em uma mais um round da guerra das maquininhas, a credenciadora de cart\u00f5es Rede vai acionar a justi\u00e7a criminal para pedir explica\u00e7\u00f5es de Augusto Lins, presidente da Associa\u00e7\u00e3o Brasileira de Institui\u00e7\u00f5es de Pagamentos (Abipag) e diretor comercial da concorrente Stone. O motivo foram as declara\u00e7\u00f5es dele sobre a iniciativa da credenciadora do [&hellip;]<\/p>\n","protected":false},"author":1,"featured_media":19828,"comment_status":"open","ping_status":"open","sticky":false,"template":"","format":"standard","meta":{"footnotes":""},"categories":[1],"tags":[],"class_list":["post-19827","post","type-post","status-publish","format-standard","has-post-thumbnail","hentry","category-curso-de-copy"],"_links":{"self":[{"href":"https:\/\/wiy.com.br\/noticias\/wp-json\/wp\/v2\/posts\/19827","targetHints":{"allow":["GET"]}}],"collection":[{"href":"https:\/\/wiy.com.br\/noticias\/wp-json\/wp\/v2\/posts"}],"about":[{"href":"https:\/\/wiy.com.br\/noticias\/wp-json\/wp\/v2\/types\/post"}],"author":[{"embeddable":true,"href":"https:\/\/wiy.com.br\/noticias\/wp-json\/wp\/v2\/users\/1"}],"replies":[{"embeddable":true,"href":"https:\/\/wiy.com.br\/noticias\/wp-json\/wp\/v2\/comments?post=19827"}],"version-history":[{"count":0,"href":"https:\/\/wiy.com.br\/noticias\/wp-json\/wp\/v2\/posts\/19827\/revisions"}],"wp:featuredmedia":[{"embeddable":true,"href":"https:\/\/wiy.com.br\/noticias\/wp-json\/wp\/v2\/media\/19828"}],"wp:attachment":[{"href":"https:\/\/wiy.com.br\/noticias\/wp-json\/wp\/v2\/media?parent=19827"}],"wp:term":[{"taxonomy":"category","embeddable":true,"href":"https:\/\/wiy.com.br\/noticias\/wp-json\/wp\/v2\/categories?post=19827"},{"taxonomy":"post_tag","embeddable":true,"href":"https:\/\/wiy.com.br\/noticias\/wp-json\/wp\/v2\/tags?post=19827"}],"curies":[{"name":"wp","href":"https:\/\/api.w.org\/{rel}","templated":true}]}}