{"id":19772,"date":"2023-02-26T15:21:59","date_gmt":"2023-02-26T18:21:59","guid":{"rendered":"https:\/\/wiy.com.br\/noticias\/empresas-buscam-imoveis-com-mais-flexibilidade\/"},"modified":"2019-05-02T13:20:15","modified_gmt":"2019-05-02T16:20:15","slug":"empresas-buscam-imoveis-com-mais-flexibilidade","status":"publish","type":"post","link":"https:\/\/wiy.com.br\/noticias\/empresas-buscam-imoveis-com-mais-flexibilidade\/","title":{"rendered":"Empresas buscam im\u00f3veis com mais flexibilidade"},"content":{"rendered":"<p> <br \/>\n<\/p>\n<p>Nos pr\u00f3ximos anos, ser\u00e3o cada vez mais raros os espa\u00e7os corporativos organizados em baias individuais ou em estruturas mais dif\u00edceis de serem modificadas rapidamente. Esse foi o modelo vigente nas \u00faltimas d\u00e9cadas, quando as chamadas esta\u00e7\u00f5es de trabalho eram fixas e privilegiavam o local do profissional, que tinha de ter \u00e0 m\u00e3o tudo o que fosse necess\u00e1rio para realizar o seu trabalho sozinho. Mas a din\u00e2mica atual do mundo corporativo, a crescente preocupa\u00e7\u00e3o das empresas com conceitos como colabora\u00e7\u00e3o e integra\u00e7\u00e3o e o foco das novas gera\u00e7\u00f5es em tecnologia est\u00e3o mudando isso.<\/p>\n<p>\u201cH\u00e1 uma tend\u00eancia mundial de sair desse padr\u00e3o tradicional e proporcionar maior qualidade de vida e integra\u00e7\u00e3o aos funcion\u00e1rios por meio de espa\u00e7os colaborativos e de lazer dentro do ambiente de trabalho\u201d, afirma Mauricio Geoffroy, diretor de desenvolvimento de neg\u00f3cios e marketing da <a href=\"http:\/\/www.bresco.com.br\" target=\"_blank\" rel=\"noopener nofollow noreferrer\">Bresco<\/a>, empresa especializada em terceiriza\u00e7\u00e3o imobili\u00e1ria e em loca\u00e7\u00e3o de galp\u00f5es e escrit\u00f3rios em todo o Brasil.<\/p>\n<p>A crescente transforma\u00e7\u00e3o no padr\u00e3o cultural das companhias e um novo perfil de colaborador, que hoje se importa mais com a tecnologia dispon\u00edvel, s\u00e3o os motores dessa mudan\u00e7a. Com isso, as plantas est\u00e3o se distanciando das configura\u00e7\u00f5es convencionais. \u201cNossas solu\u00e7\u00f5es imobili\u00e1rias s\u00e3o desenvolvidas de forma a otimizar os neg\u00f3cios de nossos clientes, e isso demanda cada vez mais flexibilidade. Podemos adaptar o interior do espa\u00e7o de acordo com a opera\u00e7\u00e3o de cada ocupante\u201d, explica.<\/p>\n<p>Dessa necessidade de estimular a colabora\u00e7\u00e3o e a intera\u00e7\u00e3o \u00e9 que surgem os chamados escrit\u00f3rios flex. \u201cS\u00e3o espa\u00e7os flex\u00edveis, que estimulam a criatividade, a colabora\u00e7\u00e3o e a intera\u00e7\u00e3o entre profissionais de diferentes setores. Nesses ambientes multidisciplinares, membros de diversas equipes podem trocar informa\u00e7\u00f5es\u201d, conta Geoffroy. O modelo vai mais longe e sua aplica\u00e7\u00e3o j\u00e1 pode ser vista tamb\u00e9m na constru\u00e7\u00e3o dos galp\u00f5es flex\u00edveis, que permitem extrapolar o conceito de espa\u00e7o disruptivo para toda a companhia. \u201cCom plantas abertas e adapt\u00e1veis, \u00e9 poss\u00edvel atender qualquer tipo de empresa e opera\u00e7\u00e3o, inclusive ocupa\u00e7\u00f5es mistas entre operacional e administrativo\u201d, afirma.<\/p>\n<div class=\"quote-box with-author\">\n<p><p>\u201cS\u00e3o espa\u00e7os flex\u00edveis, que estimulam a criatividade, a colabora\u00e7\u00e3o e a intera\u00e7\u00e3o entre profissionais de diferentes setores\u201d<\/p>\n<\/p>\n<p>      <strong class=\"author\">Mauricio Geoffroy, da Bresco<\/strong><\/p>\n<div class=\"item-share-list\">\n        <a href=\"\/\/exame.abril.com.br\/mercados\/empresas-buscam-imoveis-com-mais-flexibilidade\/ via EXAME\" data-action=\"share\/whatsapp\/share\" class=\"item-share-list-link item-whatsapp hidden-md hidden-lg\"><i class=\"icon-whatsapp\"><\/i><\/a><br \/>\n        <a href=\"https:\/\/facebook.com\/sharer\/sharer.php?u=https:\/\/exame.abril.com.br\/mercados\/empresas-buscam-imoveis-com-mais-flexibilidade\/\" target=\"_blank\" class=\"item-share-list-link item-facebook\" rel=\"noopener noreferrer\"><i class=\"icon-facebook\"><\/i><\/a><br \/>\n        <a href=\"https:\/\/twitter.com\/intent\/tweet?url=https:\/\/exame.abril.com.br\/mercados\/empresas-buscam-imoveis-com-mais-flexibilidade\/&amp;text=%E2%80%9CS%C3%A3o%20espa%C3%A7os%20flex%C3%ADveis%2C%20que%20estimulam%20a%20criatividade%2C%20a%20colabora%C3%A7%C3%A3o%20e%20a%20intera%C3%A7%C3%A3o%20entre%20profissionais%20de%20diferentes%20setores%E2%80%9D&amp;via=exame\" target=\"_blank\" class=\"item-share-list-link item-twitter\" rel=\"noopener noreferrer\"><i class=\"icon-twitter\"><\/i><\/a><br \/>\n        <a href=\"https:\/\/plus.google.com\/share?url=https:\/\/exame.abril.com.br\/mercados\/empresas-buscam-imoveis-com-mais-flexibilidade\/\" target=\"_blank\" class=\"item-share-list-link item-gplus\" rel=\"noopener noreferrer\"><i class=\"icon-google-plus\"><\/i><\/a><br \/>\n        <a href=\"mailto:?subject=%E2%80%9CS%C3%A3o%20espa%C3%A7os%20flex%C3%ADveis%2C%20que%20estimulam%20a%20criatividade%2C%20a%20colabora%C3%A7%C3%A3o%20e%20a%20intera%C3%A7%C3%A3o%20entre%20profissionais%20de%20diferentes%20setores%E2%80%9D&amp;body=%25E2%2580%259CS%25C3%25A3o%2520espa%25C3%25A7os%2520flex%25C3%25ADveis%252C%2520que%2520estimulam%2520a%2520criatividade%252C%2520a%2520colabora%25C3%25A7%25C3%25A3o%2520e%2520a%2520intera%25C3%25A7%25C3%25A3o%2520entre%2520profissionais%2520de%2520diferentes%2520setores%25E2%2580%259D%20https%3A%2F%2Fexame.abril.com.br%2Fmercados%2Fempresas-buscam-imoveis-com-mais-flexibilidade%2F%20via%20EXAME\" class=\"item-share-list-link item-email hidden-xs hidden-sm\"><i class=\"icon-envelope-o\"><\/i><\/a>\n      <\/div>\n<\/p><\/div>\n<p>Como exigem ambientes mais amplos, as constru\u00e7\u00f5es flex seguem a tend\u00eancia de se localizar onde o metro quadrado tem um melhor custo-benef\u00edcio e as leis de zoneamento permitem o maior n\u00famero poss\u00edvel de atividades. Tamb\u00e9m por isso, s\u00e3o oferecidas aos colaboradores todas as op\u00e7\u00f5es de transporte e servi\u00e7os para que possam organizar seu dia a dia ali dentro.<\/p>\n<h3>Para todas as demandas<\/h3>\n<p>Um dos mais recentes desses espa\u00e7os \u00e9 o <a href=\"https:\/\/www.bresco.com.br\/portfolio\/galpao-e-condominio-logistico\/flex-viracopos\/\" target=\"_blank\" rel=\"noopener nofollow noreferrer\">Flex Viracopos<\/a>. Empreendimento da <a href=\"http:\/\/www.bresco.com.br\" target=\"_blank\" rel=\"noopener nofollow noreferrer\">Bresco<\/a> localizado na regi\u00e3o de Campinas (SP), o condom\u00ednio une a\u00a0atratividade est\u00e9tica, o conforto e a infraestrutura dos edif\u00edcios de escrit\u00f3rio \u00e0 flexibilidade e ao baixo custo dos\u00a0condom\u00ednios de galp\u00f5es. Ali, \u00e9 poss\u00edvel encontrar espa\u00e7os planejados para atender empresas de diferentes segmentos com m\u00faltiplas possibilidades de ocupa\u00e7\u00e3o.<\/p>\n<figure><img title = \"[Tags]\"alt = \"pan12 Empresas buscam im\u00f3veis com mais flexibilidade\"decoding=\"async\" src=\"https:\/\/abrilexame.files.wordpress.com\/2019\/04\/pan12.jpg\" \/><figcaption>M\u00f3dulo do Flex Viracopos dispon\u00edvel para loca\u00e7\u00e3o<span class=\"copyright\">Divulga\u00e7\u00e3o<\/span><\/figcaption><\/figure>\n<p>O arquiteto da <a href=\"http:\/\/www.bresco.com.br\" target=\"_blank\" rel=\"noopener nofollow noreferrer\">Bresco<\/a> respons\u00e1vel pelo projeto, Marcus Paulo Giacomini, lembra que o modelo \u00e9 econ\u00f4mico, pr\u00e1tico e customiz\u00e1vel. O im\u00f3vel est\u00e1 localizado dentro do <a href=\"https:\/\/www.bresco.com.br\/portfolio\/galpao-e-condominio-logistico\/parqueviracopos\/\" target=\"_blank\" rel=\"noopener nofollow noreferrer\">Parque Corporativo Bresco Viracopos<\/a> e se alinha tamb\u00e9m \u00e0 crescente preocupa\u00e7\u00e3o das companhias com a sustentabilidade, o que torna o empreendimento um dos mais inovadores para acompanha as novas tend\u00eancias do mundo corporativo. \u201cO Parque \u00e9 considerado um im\u00f3vel \u00fanico no Brasil, com infraestrutura completa, diversos pr\u00e9dios e galp\u00f5es com certifica\u00e7\u00e3o LEED, usina de energia solar, esta\u00e7\u00e3o de tratamento de \u00e1gua com uso de membranas ultrafiltrantes, \u00e1gua de re\u00faso, posto para abastecimento de carros el\u00e9tricos e um programa de controle da fauna e flora da regi\u00e3o\u201d, enumera.<\/p>\n<p>A <a href=\"http:\/\/www.bresco.com.br\" target=\"_blank\" rel=\"noopener nofollow noreferrer\">Bresco<\/a> tamb\u00e9m pensou na comodidade e bem-estar dos usu\u00e1rios do empreendimento e investiu em uma infraestrutura completa com trilha ecol\u00f3gica para pr\u00e1tica de exerc\u00edcios e caminhadas, bicicletas para facilitar a locomo\u00e7\u00e3o dos usu\u00e1rios no empreendimento, hotel e centro comercial com restaurantes e servi\u00e7os.<\/p>\n<p>Recentemente, a Benteler, empresa alem\u00e3 especializada no desenvolvimento e manufatura de sistemas e componentes para a ind\u00fastria automobil\u00edstica instalou sua sede corporativa no Flex Viracopos. \u201cNossa busca inicial era por uma nova planta industrial, mas, quando a <a href=\"http:\/\/www.bresco.com.br\" target=\"_blank\" rel=\"noopener nofollow noreferrer\">Bresco<\/a> nos apresentou o conceito flex, notamos que poder\u00edamos resolver outros problemas\u201d, afirma Roney Coltre, diretor de compras da companhia.<\/p>\n<p>Ele avalia que fatores como a localiza\u00e7\u00e3o, os servi\u00e7os existentes no local \u2013 a disponibilidade de um hotel, por exemplo \u2013 e o modelo \u201cchave na m\u00e3o\u201d foram fundamentais para a escolha. Com isso, a Benteler passou a contar com um espa\u00e7o de mais de 2 000 metros quadrados, idealizado e constru\u00eddo sob medida pela <a href=\"http:\/\/www.bresco.com.br\" target=\"_blank\" rel=\"noopener nofollow noreferrer\">Bresco<\/a> para receber os mais de 240 funcion\u00e1rios da sede administrativa.<\/p>\n<section class=\"type:slideshow\">\n<figure><img title = \"[Tags]\"alt = \"pan12 Empresas buscam im\u00f3veis com mais flexibilidade\"decoding=\"async\" src=\"https:\/\/abrilexame.files.wordpress.com\/2019\/04\/z2a0690.jpg?quality=70&#038;strip=info&#038;w=920\" \/><figcaption>Benteler<span class=\"copyright\">(BrescoDivulga\u00e7\u00e3o)<\/span><\/figcaption><\/figure>\n<figure><img title = \"[Tags]\"alt = \"pan12 Empresas buscam im\u00f3veis com mais flexibilidade\"decoding=\"async\" src=\"https:\/\/abrilexame.files.wordpress.com\/2019\/04\/z2a0624.jpg?quality=70&#038;strip=info&#038;w=920\" \/><figcaption>Benteler<span class=\"copyright\">(BrescoDivulga\u00e7\u00e3o)<\/span><\/figcaption><\/figure>\n<figure><img title = \"[Tags]\"alt = \"pan12 Empresas buscam im\u00f3veis com mais flexibilidade\"decoding=\"async\" src=\"https:\/\/abrilexame.files.wordpress.com\/2019\/04\/z2a0598.jpg?quality=70&#038;strip=info&#038;w=920\" \/><figcaption>Benteler<span class=\"copyright\">(BrescoDivulga\u00e7\u00e3o)<\/span><\/figcaption><\/figure>\n<figure><img title = \"[Tags]\"alt = \"pan12 Empresas buscam im\u00f3veis com mais flexibilidade\"decoding=\"async\" src=\"https:\/\/abrilexame.files.wordpress.com\/2019\/04\/z2a0596.jpg?quality=70&#038;strip=info&#038;w=920\" \/><figcaption>Benteler<span class=\"copyright\">(BrescoDivulga\u00e7\u00e3o)<\/span><\/figcaption><\/figure>\n<figure><img title = \"[Tags]\"alt = \"pan12 Empresas buscam im\u00f3veis com mais flexibilidade\"decoding=\"async\" src=\"https:\/\/abrilexame.files.wordpress.com\/2019\/04\/z2a0675-e1556656756722.jpg?quality=70&#038;strip=info&#038;w=920\" \/><figcaption>Benteler<span class=\"copyright\">(BrescoDivulga\u00e7\u00e3o)<\/span><\/figcaption><\/figure>\n<\/section>\n<p>O arquiteto da <a href=\"http:\/\/www.bresco.com.br\" target=\"_blank\" rel=\"noopener nofollow noreferrer\">Bresco<\/a> acrescenta que outra vantagem do <a href=\"https:\/\/www.bresco.com.br\/portfolio\/galpao-e-condominio-logistico\/flex-viracopos\/\" target=\"_blank\" rel=\"noopener nofollow noreferrer\">Flex Viracopos<\/a> \u00e9 que, diferentemente do modelo escolhido pela Benteler, existe tamb\u00e9m a possibilidade de flexibilizar ainda mais o espa\u00e7o, misturando configura\u00e7\u00f5es distintas de escrit\u00f3rio ou mesmo utilizar parte do ambiente para log\u00edstica leve. \u201cComo s\u00e3o espa\u00e7os altamente flex\u00edveis, \u00e9 poss\u00edvel catalisar a colabora\u00e7\u00e3o e a intera\u00e7\u00e3o de profissionais de diferentes \u00e1reas.\u201d<\/p>\n<p>Internamente, os galp\u00f5es contam com \u00e1reas modulares que podem ser adaptadas, assim como seu acabamento, para servir a variados tipos de uso, como escrit\u00f3rios, laborat\u00f3rios, call centers, armaz\u00e9ns, centro de treinamentos, data centers, ind\u00fastrias de montagem ou de alta tecnologia, entre outros. \u201cEles ainda permitem o aumento de \u00e1rea a partir da expans\u00e3o dos mezaninos de acordo com a necessidade de cada ocupante\u201d, completa Geoffroy. Al\u00e9m da sede administrativa da Benteler, o <a href=\"https:\/\/www.bresco.com.br\/portfolio\/galpao-e-condominio-logistico\/flex-viracopos\/\" target=\"_blank\" rel=\"noopener nofollow noreferrer\">Flex Viracopos<\/a> abriga atualmente as linhas de montagem e os escrit\u00f3rios da Savis Embraer, o centro de treinamento da Fiat\/FCA e o centro log\u00edstico e os escrit\u00f3rios da UPS e Gollog.<\/p>\n<p>&nbsp;<\/p>\n<p><script async src=\"http:\/\/platform.twitter.com\/widgets.js\" charset=\"utf-8\"><\/script><br \/>\n<br \/><br \/>\n<br \/><a href=\"https:\/\/exame.abril.com.br\/mercados\/empresas-buscam-imoveis-com-mais-flexibilidade\/\">Fonte do Artigo <\/a><\/p>\n","protected":false},"excerpt":{"rendered":"<p>Nos pr\u00f3ximos anos, ser\u00e3o cada vez mais raros os espa\u00e7os corporativos organizados em baias individuais ou em estruturas mais dif\u00edceis de serem modificadas rapidamente. Esse foi o modelo vigente nas \u00faltimas d\u00e9cadas, quando as chamadas esta\u00e7\u00f5es de trabalho eram fixas e privilegiavam o local do profissional, que tinha de ter \u00e0 m\u00e3o tudo o que [&hellip;]<\/p>\n","protected":false},"author":1,"featured_media":19773,"comment_status":"open","ping_status":"open","sticky":false,"template":"","format":"standard","meta":{"footnotes":""},"categories":[1],"tags":[],"class_list":["post-19772","post","type-post","status-publish","format-standard","has-post-thumbnail","hentry","category-curso-de-copy"],"_links":{"self":[{"href":"https:\/\/wiy.com.br\/noticias\/wp-json\/wp\/v2\/posts\/19772","targetHints":{"allow":["GET"]}}],"collection":[{"href":"https:\/\/wiy.com.br\/noticias\/wp-json\/wp\/v2\/posts"}],"about":[{"href":"https:\/\/wiy.com.br\/noticias\/wp-json\/wp\/v2\/types\/post"}],"author":[{"embeddable":true,"href":"https:\/\/wiy.com.br\/noticias\/wp-json\/wp\/v2\/users\/1"}],"replies":[{"embeddable":true,"href":"https:\/\/wiy.com.br\/noticias\/wp-json\/wp\/v2\/comments?post=19772"}],"version-history":[{"count":0,"href":"https:\/\/wiy.com.br\/noticias\/wp-json\/wp\/v2\/posts\/19772\/revisions"}],"wp:featuredmedia":[{"embeddable":true,"href":"https:\/\/wiy.com.br\/noticias\/wp-json\/wp\/v2\/media\/19773"}],"wp:attachment":[{"href":"https:\/\/wiy.com.br\/noticias\/wp-json\/wp\/v2\/media?parent=19772"}],"wp:term":[{"taxonomy":"category","embeddable":true,"href":"https:\/\/wiy.com.br\/noticias\/wp-json\/wp\/v2\/categories?post=19772"},{"taxonomy":"post_tag","embeddable":true,"href":"https:\/\/wiy.com.br\/noticias\/wp-json\/wp\/v2\/tags?post=19772"}],"curies":[{"name":"wp","href":"https:\/\/api.w.org\/{rel}","templated":true}]}}