{"id":19753,"date":"2023-02-26T15:19:53","date_gmt":"2023-02-26T18:19:53","guid":{"rendered":"https:\/\/wiy.com.br\/noticias\/bolsonaro-indica-embaixadores-do-brasil-em-quatro-paises-incluindo-catar\/"},"modified":"2019-05-02T09:15:51","modified_gmt":"2019-05-02T12:15:51","slug":"bolsonaro-indica-embaixadores-do-brasil-em-quatro-paises-incluindo-catar","status":"publish","type":"post","link":"https:\/\/wiy.com.br\/noticias\/bolsonaro-indica-embaixadores-do-brasil-em-quatro-paises-incluindo-catar\/","title":{"rendered":"Bolsonaro indica embaixadores do Brasil em quatro pa\u00edses, incluindo Catar"},"content":{"rendered":"<p> <br \/>\n<\/p>\n<p>Bras\u00edlia \u2014 O presidente <strong><a href=\"https:\/\/exame.abril.com.br\/noticias-sobre\/jair-bolsonaro\/\">Jair Bolsonaro<\/a><\/strong> enviou ao Senado Federal, para aprecia\u00e7\u00e3o, nomes de diplomatas para o cargo de embaixador do Brasil em quatro pa\u00edses. As mensagens com as indica\u00e7\u00f5es est\u00e3o publicadas no <em>Di\u00e1rio Oficial da Uni\u00e3o (DOU)<\/em> desta quinta-feira, 2.<\/p>\n<div class=\"widget-news widget-box no-margin no-border\"><span class=\"widget-news-title content-box-title\">Veja tamb\u00e9m<\/span><\/p>\n<ul class=\"widget-news-list\">\n<li class=\"widget-news-item without-thumb with-border\">\n<div class=\"widget-news-info\"><a href=\"http:\/\/exame.abril.com.br\/brasil\">BRASIL<\/a><span class=\"widget-news-item-title\"><a href=\"https:\/\/exame.abril.com.br\/brasil\/bolsonaro-condecora-olavo-e-mourao-com-mais-alta-honraria-da-diplomacia\/\">Bolsonaro condecora Olavo e Mour\u00e3o com mais alta honraria da diplomacia<\/a><\/span><span class=\"widget-news-item-date\">2 maio 2019 &#8211; 06h05<\/span><\/div>\n<\/li>\n<\/ul>\n<\/div>\n<p>Foram indicados: Claudio Raja Gabaglia Lins, para embaixador na Comunidade das Bahamas; Luiz Alberto Figueiredo Machado, para embaixador junto ao Estado do Catar; Ruy Pacheco de Azevedo Amaral, para embaixador junto ao Reino Haxemita da Jord\u00e2nia; e Roberto Abdalla, para embaixador na Rep\u00fablica Hel\u00eanica.<\/p>\n<p><br \/>\n<br \/><a href=\"https:\/\/exame.abril.com.br\/brasil\/bolsonaro-indica-embaixadores-do-brasil-em-quatro-paises-incluindo-catar\/\">Fonte do artigo <\/a><\/p>\n","protected":false},"excerpt":{"rendered":"<p>Bras\u00edlia \u2014 O presidente Jair Bolsonaro enviou ao Senado Federal, para aprecia\u00e7\u00e3o, nomes de diplomatas para o cargo de embaixador do Brasil em quatro pa\u00edses. As mensagens com as indica\u00e7\u00f5es est\u00e3o publicadas no Di\u00e1rio Oficial da Uni\u00e3o (DOU) desta quinta-feira, 2. Veja tamb\u00e9m BRASILBolsonaro condecora Olavo e Mour\u00e3o com mais alta honraria da diplomacia2 maio [&hellip;]<\/p>\n","protected":false},"author":1,"featured_media":19754,"comment_status":"open","ping_status":"open","sticky":false,"template":"","format":"standard","meta":{"footnotes":""},"categories":[1],"tags":[],"class_list":["post-19753","post","type-post","status-publish","format-standard","has-post-thumbnail","hentry","category-curso-de-copy"],"_links":{"self":[{"href":"https:\/\/wiy.com.br\/noticias\/wp-json\/wp\/v2\/posts\/19753","targetHints":{"allow":["GET"]}}],"collection":[{"href":"https:\/\/wiy.com.br\/noticias\/wp-json\/wp\/v2\/posts"}],"about":[{"href":"https:\/\/wiy.com.br\/noticias\/wp-json\/wp\/v2\/types\/post"}],"author":[{"embeddable":true,"href":"https:\/\/wiy.com.br\/noticias\/wp-json\/wp\/v2\/users\/1"}],"replies":[{"embeddable":true,"href":"https:\/\/wiy.com.br\/noticias\/wp-json\/wp\/v2\/comments?post=19753"}],"version-history":[{"count":0,"href":"https:\/\/wiy.com.br\/noticias\/wp-json\/wp\/v2\/posts\/19753\/revisions"}],"wp:featuredmedia":[{"embeddable":true,"href":"https:\/\/wiy.com.br\/noticias\/wp-json\/wp\/v2\/media\/19754"}],"wp:attachment":[{"href":"https:\/\/wiy.com.br\/noticias\/wp-json\/wp\/v2\/media?parent=19753"}],"wp:term":[{"taxonomy":"category","embeddable":true,"href":"https:\/\/wiy.com.br\/noticias\/wp-json\/wp\/v2\/categories?post=19753"},{"taxonomy":"post_tag","embeddable":true,"href":"https:\/\/wiy.com.br\/noticias\/wp-json\/wp\/v2\/tags?post=19753"}],"curies":[{"name":"wp","href":"https:\/\/api.w.org\/{rel}","templated":true}]}}