{"id":19463,"date":"2023-02-26T15:27:18","date_gmt":"2023-02-26T18:27:18","guid":{"rendered":"https:\/\/wiy.com.br\/noticias\/declaracoes-sobre-filhos-de-bolsonaro-foram-tiradas-de-contexto-diz-maia\/"},"modified":"2019-04-28T10:06:41","modified_gmt":"2019-04-28T13:06:41","slug":"declaracoes-sobre-filhos-de-bolsonaro-foram-tiradas-de-contexto-diz-maia","status":"publish","type":"post","link":"https:\/\/wiy.com.br\/noticias\/declaracoes-sobre-filhos-de-bolsonaro-foram-tiradas-de-contexto-diz-maia\/","title":{"rendered":"Declara\u00e7\u00f5es sobre filhos de Bolsonaro foram tiradas de contexto, diz Maia"},"content":{"rendered":"<p> <br \/>\n<\/p>\n<p>Bras\u00edlia &#8211; O presidente da C\u00e2mara, <a href=\"https:\/\/exame.abril.com.br\/noticias-sobre\/rodrigo-maia\/\"><strong>Rodrigo Maia (DEM-RJ)<\/strong><\/a>, negou neste s\u00e1bado que tenha feito cr\u00edticas ao deputado Eduardo Bolsonaro (PSL-SP) e ao vereador Carlos Bolsonaro (PSC-RJ) quando falou da atua\u00e7\u00e3o deles em rela\u00e7\u00e3o ao pai, o presidente Jair Bolsonaro, em entrevista publicada pelo site Buzzfeed Brasil.<\/p>\n<p>Em nota, Maia afirma que &#8220;as informa\u00e7\u00f5es est\u00e3o totalmente fora de contexto e que a entrevista aparenta uma agress\u00e3o verbal que n\u00e3o ocorreu&#8221;. Ao Buzzfeed, Maia disse que Eduardo teria sa\u00eddo do &#8220;baix\u00edssimo clero&#8221; para comandar uma pol\u00edtica externa que &#8220;\u00e9 essa loucura a\u00ed&#8221; e que estaria vivendo um &#8220;momento de deslumbramento&#8221;. Carlos, por sua vez, seria &#8220;doido \u00e0 vontade&#8221; mas com estrat\u00e9gia definida por Bolsonaro nas redes sociais.<\/p>\n<p>Na nota, Maia diz ainda que &#8220;a fam\u00edlia \u00e9 algo sagrado e de forma alguma ele faria ataques \u00e0 fam\u00edlia do presidente, nem de ningu\u00e9m&#8221;.<\/p>\n<div class=\"widget-news widget-box no-margin no-border\"><span class=\"widget-news-title content-box-title\">Veja tamb\u00e9m<\/span><\/p>\n<ul class=\"widget-news-list\">\n<li class=\"widget-news-item without-thumb with-border\">\n<div class=\"widget-news-info\"><a href=\"http:\/\/exame.abril.com.br\/brasil\">BRASIL<\/a><span class=\"widget-news-item-title\"><a href=\"https:\/\/exame.abril.com.br\/brasil\/estou-namorando-rodrigo-maia-e-um-parceiro-diz-bolsonaro\/\">Estou &#8220;namorando&#8221; Rodrigo Maia; \u00e9 um parceiro, diz Bolsonaro<\/a><\/span><span class=\"widget-news-item-date\">27 abr 2019 &#8211; 17h04<\/span><\/div>\n<\/li>\n<\/ul>\n<\/div>\n<p>&nbsp;<\/p>\n<p>&nbsp;<\/p>\n<p>Mais cedo, Bolsonaro afirmou acreditar que a entrevista n\u00e3o era verdadeira e disse estar &#8220;namorando&#8221; o presidente da C\u00e2mara. Os dois se encontraram durante almo\u00e7o para comemorar o anivers\u00e1rio do ministro do Tribunal de Contas da Uni\u00e3o (TCU) Walton Alencar Rodrigues. &#8220;Tive uma conversa maravilhosa com ele&#8221;, disse.<\/p>\n<p><br \/>\n<br \/><a href=\"https:\/\/exame.abril.com.br\/brasil\/declaracoes-sobre-filhos-de-bolsonaro-foram-tiradas-de-contexto-diz-maia\/\">Fonte do artigo <\/a><\/p>\n","protected":false},"excerpt":{"rendered":"<p>Bras\u00edlia &#8211; O presidente da C\u00e2mara, Rodrigo Maia (DEM-RJ), negou neste s\u00e1bado que tenha feito cr\u00edticas ao deputado Eduardo Bolsonaro (PSL-SP) e ao vereador Carlos Bolsonaro (PSC-RJ) quando falou da atua\u00e7\u00e3o deles em rela\u00e7\u00e3o ao pai, o presidente Jair Bolsonaro, em entrevista publicada pelo site Buzzfeed Brasil. Em nota, Maia afirma que &#8220;as informa\u00e7\u00f5es est\u00e3o [&hellip;]<\/p>\n","protected":false},"author":1,"featured_media":19464,"comment_status":"open","ping_status":"open","sticky":false,"template":"","format":"standard","meta":{"footnotes":""},"categories":[1],"tags":[],"class_list":["post-19463","post","type-post","status-publish","format-standard","has-post-thumbnail","hentry","category-curso-de-copy"],"_links":{"self":[{"href":"https:\/\/wiy.com.br\/noticias\/wp-json\/wp\/v2\/posts\/19463","targetHints":{"allow":["GET"]}}],"collection":[{"href":"https:\/\/wiy.com.br\/noticias\/wp-json\/wp\/v2\/posts"}],"about":[{"href":"https:\/\/wiy.com.br\/noticias\/wp-json\/wp\/v2\/types\/post"}],"author":[{"embeddable":true,"href":"https:\/\/wiy.com.br\/noticias\/wp-json\/wp\/v2\/users\/1"}],"replies":[{"embeddable":true,"href":"https:\/\/wiy.com.br\/noticias\/wp-json\/wp\/v2\/comments?post=19463"}],"version-history":[{"count":0,"href":"https:\/\/wiy.com.br\/noticias\/wp-json\/wp\/v2\/posts\/19463\/revisions"}],"wp:featuredmedia":[{"embeddable":true,"href":"https:\/\/wiy.com.br\/noticias\/wp-json\/wp\/v2\/media\/19464"}],"wp:attachment":[{"href":"https:\/\/wiy.com.br\/noticias\/wp-json\/wp\/v2\/media?parent=19463"}],"wp:term":[{"taxonomy":"category","embeddable":true,"href":"https:\/\/wiy.com.br\/noticias\/wp-json\/wp\/v2\/categories?post=19463"},{"taxonomy":"post_tag","embeddable":true,"href":"https:\/\/wiy.com.br\/noticias\/wp-json\/wp\/v2\/tags?post=19463"}],"curies":[{"name":"wp","href":"https:\/\/api.w.org\/{rel}","templated":true}]}}