{"id":19298,"date":"2023-02-26T15:09:36","date_gmt":"2023-02-26T18:09:36","guid":{"rendered":"https:\/\/wiy.com.br\/noticias\/suzane-von-richthofen-recupera-direito-de-sair-da-prisao-no-dia-das-maes\/"},"modified":"2019-04-24T12:48:46","modified_gmt":"2019-04-24T15:48:46","slug":"suzane-von-richthofen-recupera-direito-de-sair-da-prisao-no-dia-das-maes","status":"publish","type":"post","link":"https:\/\/wiy.com.br\/noticias\/suzane-von-richthofen-recupera-direito-de-sair-da-prisao-no-dia-das-maes\/","title":{"rendered":"Suzane von Richthofen recupera direito de sair da pris\u00e3o no Dia das M\u00e3es"},"content":{"rendered":"<p> <br \/>\n<\/p>\n<p><span>Uma decis\u00e3o do Tribunal de Justi\u00e7a de S\u00e3o Paulo (TJ-SP) vai permitir que a detenta Suzane von Richthofen, condenada a 39 anos de pris\u00e3o pelo assassinato dos pais, seja beneficiada com a sa\u00edda tempor\u00e1ria para passar o Dia das M\u00e3es fora da pris\u00e3o.<\/span><\/p>\n<p><span>Ela tinha sido punida com a perda de tr\u00eas sa\u00eddas tempor\u00e1rias por ter sido flagrada em uma festa de casamento, no dia 22 de dezembro \u00faltimo. Com a revis\u00e3o da senten\u00e7a, ela est\u00e1 apta a sair no pr\u00f3ximo dia 7 e ficar em casa de familiares na semana em que se comemora o Dia das M\u00e3es. O Minist\u00e9rio P\u00fablico deve entrar com recurso contra a decis\u00e3o.<\/span><\/p>\n<p><span>Suzane cumpre pena em regime semiaberto na Penitenci\u00e1ria Feminina de Trememb\u00e9, no interior de S\u00e3o Paulo. Na &#8220;saidinha&#8221; do Natal, ela foi flagrada em uma festa de casamento, em Taubat\u00e9, na regi\u00e3o onde fica a penitenci\u00e1ria. Com isso, teria infringido as disposi\u00e7\u00f5es da sa\u00edda tempor\u00e1ria, que a obrigam a permanecer no endere\u00e7o informado, que seria a casa de seu namorado, em Angatuba, distante mais de 300 quil\u00f4metros.\u00a0<\/span><\/p>\n<p><span>A ju\u00edza Wania Regina Cunha, da Vara de Execu\u00e7\u00f5es Criminais, entendeu que houve falta grave e suspendeu o benef\u00edcio. A Defensoria P\u00fablica de Taubat\u00e9, que atua na defesa de Suzane, entrou com recurso.<\/span><\/p>\n<p><span>A decis\u00e3o da 5\u00aa C\u00e2mara Criminal de S\u00e3o Paulo, divulgada nesta ter\u00e7a-feira, 23, considerou que a detenta n\u00e3o cometeu falta grave ao estar em festa de casamento no trajeto em que seguia para a casa do namorado. O relator Jos\u00e9 Dami\u00e3o Machado Cogan acatou os argu<\/span>mentos da defensoria de que o festejo aconteceu durante a tarde e as regras da sa\u00edda tempor\u00e1ria n\u00e3o pro\u00edbem a participa\u00e7\u00e3o de eventos sociais.<\/p>\n<p><span>Caso a decis\u00e3o n\u00e3o seja revista em novo recurso, al\u00e9m do Dia das M\u00e3es, Suzane tamb\u00e9m poder\u00e1 deixar a pris\u00e3o no Dia dos Pais e nas festas do final do ano. Suzane est\u00e1 presa desde 2002 pela morte dos pais, Manfred e Mar\u00edsia von Richthofen. O crime ocorreu na capital paulista.<\/span><\/p>\n<p><br \/>\n<br \/><a href=\"https:\/\/vejasp.abril.com.br\/cidades\/suzane-richthofen-dia-maes\/\">Source link <\/a><\/p>\n","protected":false},"excerpt":{"rendered":"<p>Uma decis\u00e3o do Tribunal de Justi\u00e7a de S\u00e3o Paulo (TJ-SP) vai permitir que a detenta Suzane von Richthofen, condenada a 39 anos de pris\u00e3o pelo assassinato dos pais, seja beneficiada com a sa\u00edda tempor\u00e1ria para passar o Dia das M\u00e3es fora da pris\u00e3o. Ela tinha sido punida com a perda de tr\u00eas sa\u00eddas tempor\u00e1rias por [&hellip;]<\/p>\n","protected":false},"author":1,"featured_media":4496,"comment_status":"open","ping_status":"open","sticky":false,"template":"","format":"standard","meta":{"footnotes":""},"categories":[7],"tags":[],"class_list":["post-19298","post","type-post","status-publish","format-standard","has-post-thumbnail","hentry","category-economia"],"_links":{"self":[{"href":"https:\/\/wiy.com.br\/noticias\/wp-json\/wp\/v2\/posts\/19298","targetHints":{"allow":["GET"]}}],"collection":[{"href":"https:\/\/wiy.com.br\/noticias\/wp-json\/wp\/v2\/posts"}],"about":[{"href":"https:\/\/wiy.com.br\/noticias\/wp-json\/wp\/v2\/types\/post"}],"author":[{"embeddable":true,"href":"https:\/\/wiy.com.br\/noticias\/wp-json\/wp\/v2\/users\/1"}],"replies":[{"embeddable":true,"href":"https:\/\/wiy.com.br\/noticias\/wp-json\/wp\/v2\/comments?post=19298"}],"version-history":[{"count":0,"href":"https:\/\/wiy.com.br\/noticias\/wp-json\/wp\/v2\/posts\/19298\/revisions"}],"wp:featuredmedia":[{"embeddable":true,"href":"https:\/\/wiy.com.br\/noticias\/wp-json\/wp\/v2\/media\/4496"}],"wp:attachment":[{"href":"https:\/\/wiy.com.br\/noticias\/wp-json\/wp\/v2\/media?parent=19298"}],"wp:term":[{"taxonomy":"category","embeddable":true,"href":"https:\/\/wiy.com.br\/noticias\/wp-json\/wp\/v2\/categories?post=19298"},{"taxonomy":"post_tag","embeddable":true,"href":"https:\/\/wiy.com.br\/noticias\/wp-json\/wp\/v2\/tags?post=19298"}],"curies":[{"name":"wp","href":"https:\/\/api.w.org\/{rel}","templated":true}]}}