{"id":19160,"date":"2023-02-26T15:16:53","date_gmt":"2023-02-26T18:16:53","guid":{"rendered":"https:\/\/wiy.com.br\/noticias\/mexico-deportou-mais-de-15-mil-imigrantes-devido-a-pressao-de-trump\/"},"modified":"2019-04-23T21:20:09","modified_gmt":"2019-04-24T00:20:09","slug":"mexico-deportou-mais-de-15-mil-imigrantes-devido-a-pressao-de-trump","status":"publish","type":"post","link":"https:\/\/wiy.com.br\/noticias\/mexico-deportou-mais-de-15-mil-imigrantes-devido-a-pressao-de-trump\/","title":{"rendered":"M\u00e9xico deportou mais de 15 mil imigrantes devido \u00e0 press\u00e3o de Trump"},"content":{"rendered":"<p> <br \/>\n<\/p>\n<p>Cidade do M\u00e9xico \u2014 O <strong><a href=\"https:\/\/exame.abril.com.br\/noticias-sobre\/mexico\/\" target=\"_blank\" rel=\"noopener noreferrer\">M\u00e9xico<\/a><\/strong> enviou de volta 15 mil imigrantes no \u00faltimo m\u00eas, disse nesta ter\u00e7a-feira, 23, uma autoridade graduada do governo, chamando a aten\u00e7\u00e3o para um aumento das deporta\u00e7\u00f5es diante da press\u00e3o exercida pelo presidente dos Estados Unidos, Donald Trump, para que o pa\u00eds contenha o fluxo de pessoas que segue para o norte.<\/p>\n<p>Falando em coletiva de imprensa, Tonatiuh Guillen, chefe do Instituto Nacional de Migra\u00e7\u00e3o, n\u00e3o disse para quais pa\u00edses os 15 mil foram devolvidos, mas a maior parte dos imigrantes que est\u00e1 cruzando o M\u00e9xico vem da Guatemala, Honduras e El Salvador.<\/p>\n<div class=\"widget-news widget-box no-margin no-border\"><span class=\"widget-news-title content-box-title\">Veja tamb\u00e9m<\/span><\/p>\n<ul class=\"widget-news-list\">\n<li class=\"widget-news-item without-thumb with-border\">\n<div class=\"widget-news-info\"><a href=\"http:\/\/exame.abril.com.br\/mundo\">MUNDO<\/a><span class=\"widget-news-item-title\"><a href=\"https:\/\/exame.abril.com.br\/mundo\/lider-de-milicia-que-detinha-imigrantes-ilegais-nos-eua-se-diz-inocente\/\">L\u00edder de mil\u00edcia que detinha imigrantes ilegais nos EUA se diz inocente<\/a><\/span><span class=\"widget-news-item-date\">23 abr 2019 &#8211; 09h04<\/span><\/div>\n<\/li>\n<\/ul>\n<\/div>\n<p>Ao lado de Guillen, a ministra do Interior, Olga S\u00e1nchez, disse que o M\u00e9xico n\u00e3o \u00e9 culpado pelo aumento no n\u00famero de imigrantes da Am\u00e9rica Central que est\u00e1 entrando no pa\u00eds.<\/p>\n<p>Entretanto, ela observou que o M\u00e9xico tem a obriga\u00e7\u00e3o de controlar sua fronteira sul com a Guatemala e que os imigrantes que entrarem no pa\u00eds precisam respeitar as leis mexicanas e se registrarem com autoridades.<\/p>\n<p>Ap\u00f3s um aumento no n\u00famero de apreens\u00f5es de cidad\u00e3os da Am\u00e9rica Central tentando entrar nos EUA, <strong><a href=\"https:\/\/exame.abril.com.br\/noticias-sobre\/donald-trump\/\" target=\"_blank\" rel=\"noopener noreferrer\">Trump<\/a><\/strong> amea\u00e7ou fechar a fronteira dos EUA com o M\u00e9xico no m\u00eas passado, se o governo mexicano n\u00e3o contivesse a imigra\u00e7\u00e3o ilegal imediatamente.<\/p>\n<p><br \/>\n<br \/><a href=\"https:\/\/exame.abril.com.br\/mundo\/mexico-deportou-mais-de-15-mil-imigrantes-devido-a-pressao-de-trump\/\">Fonte do Artigo <\/a><\/p>\n<p>#noticias #news #o #brasil #venezuela #n #jornalismo #a #love #like #bbb #musica #colombia #tv #blog #fofoca #mexico #gay #caracas #saopaulo #instagram #follow #not #cias #famosos #m #brazil #politica #pol #jeansobrinho<\/p>\n","protected":false},"excerpt":{"rendered":"<p>Cidade do M\u00e9xico \u2014 O M\u00e9xico enviou de volta 15 mil imigrantes no \u00faltimo m\u00eas, disse nesta ter\u00e7a-feira, 23, uma autoridade graduada do governo, chamando a aten\u00e7\u00e3o para um aumento das deporta\u00e7\u00f5es diante da press\u00e3o exercida pelo presidente dos Estados Unidos, Donald Trump, para que o pa\u00eds contenha o fluxo de pessoas que segue para [&hellip;]<\/p>\n","protected":false},"author":1,"featured_media":19161,"comment_status":"open","ping_status":"open","sticky":false,"template":"","format":"standard","meta":{"footnotes":""},"categories":[339],"tags":[],"class_list":["post-19160","post","type-post","status-publish","format-standard","has-post-thumbnail","hentry","category-negocios"],"_links":{"self":[{"href":"https:\/\/wiy.com.br\/noticias\/wp-json\/wp\/v2\/posts\/19160","targetHints":{"allow":["GET"]}}],"collection":[{"href":"https:\/\/wiy.com.br\/noticias\/wp-json\/wp\/v2\/posts"}],"about":[{"href":"https:\/\/wiy.com.br\/noticias\/wp-json\/wp\/v2\/types\/post"}],"author":[{"embeddable":true,"href":"https:\/\/wiy.com.br\/noticias\/wp-json\/wp\/v2\/users\/1"}],"replies":[{"embeddable":true,"href":"https:\/\/wiy.com.br\/noticias\/wp-json\/wp\/v2\/comments?post=19160"}],"version-history":[{"count":0,"href":"https:\/\/wiy.com.br\/noticias\/wp-json\/wp\/v2\/posts\/19160\/revisions"}],"wp:featuredmedia":[{"embeddable":true,"href":"https:\/\/wiy.com.br\/noticias\/wp-json\/wp\/v2\/media\/19161"}],"wp:attachment":[{"href":"https:\/\/wiy.com.br\/noticias\/wp-json\/wp\/v2\/media?parent=19160"}],"wp:term":[{"taxonomy":"category","embeddable":true,"href":"https:\/\/wiy.com.br\/noticias\/wp-json\/wp\/v2\/categories?post=19160"},{"taxonomy":"post_tag","embeddable":true,"href":"https:\/\/wiy.com.br\/noticias\/wp-json\/wp\/v2\/tags?post=19160"}],"curies":[{"name":"wp","href":"https:\/\/api.w.org\/{rel}","templated":true}]}}