{"id":19091,"date":"2023-02-26T15:06:53","date_gmt":"2023-02-26T18:06:53","guid":{"rendered":"https:\/\/wiy.com.br\/noticias\/comecam-as-obras-na-cobertura-da-catedral-de-notre-dame\/"},"modified":"2019-04-23T14:30:57","modified_gmt":"2019-04-23T17:30:57","slug":"comecam-as-obras-na-cobertura-da-catedral-de-notre-dame","status":"publish","type":"post","link":"https:\/\/wiy.com.br\/noticias\/comecam-as-obras-na-cobertura-da-catedral-de-notre-dame\/","title":{"rendered":"Come\u00e7am as obras na cobertura da catedral de Notre-Dame"},"content":{"rendered":"<p> <br \/>\n<\/p>\n<div id=\"post-3361121\">\n<header class=\"article-header\">\n<h2 class=\"article-subtitle\">As obras na catedral de Notre-Dame contra a chuva come\u00e7aram nesta ter\u00e7a-feira (23), oito dias ap\u00f3s o grande inc\u00eandio<\/h2>\n<p>Por<br \/>\n                              <span>AFP<\/span>                          <\/p>\n<p>\n              <i class=\"material-icons\">access_time<\/i><br \/>\n              <span><br \/>\n                23 abr 2019, 14h23              <\/span>\n            <\/p>\n<\/header>\n<section class=\"share\"><a href=\"whatsapp:\/\/send?text=Come\u00e7am as obras na cobertura da catedral de Notre-Dame https:\/\/exame.abril.com.br\/mundo\/comecam-as-obras-na-cobertura-da-catedral-de-notre-dame\/?utm_source=whatsapp&amp;utm_medium=social&amp;utm_campaign=barra-compartilhamento EXAME\" data-action=\"share\/whatsapp\/share\" class=\"whatsapp  hidden-md hidden-lg\"><i class=\"icon-whatsapp\"\/><\/a><\/p>\n<p>      <a href=\"https:\/\/facebook.com\/sharer\/sharer.php?u=https:\/\/exame.abril.com.br\/mundo\/comecam-as-obras-na-cobertura-da-catedral-de-notre-dame\/\" target=\"_blank\" class=\"\" rel=\"noopener noreferrer\"><i class=\"icon-facebook\"\/><\/a><\/p>\n<p>      <a href=\"https:\/\/twitter.com\/intent\/tweet?url=https%3A%2F%2Fexame.abril.com.br%2Fmundo%2Fcomecam-as-obras-na-cobertura-da-catedral-de-notre-dame%2F&amp;text=Come\u00e7am as obras na cobertura da catedral de Notre-Dame&amp;via=exame\" target=\"_blank\" class=\"\" rel=\"noopener noreferrer\"><i class=\"icon-twitter\"\/><\/a><\/p>\n<p>      <a href=\"fb-messenger:\/\/share\/?link=https:\/\/exame.abril.com.br\/mundo\/comecam-as-obras-na-cobertura-da-catedral-de-notre-dame\/&amp;app_id=\" class=\"whatsapp  hidden-sm hidden-xs hidden-md hidden-lg\"><i class=\"icon-Facebook-Messenger\"\/><\/a><\/p>\n<p>      <a href=\"https:\/\/www.linkedin.com\/shareArticle?mini=true&amp;url=https%3A%2F%2Fexame.abril.com.br%2Fmundo%2Fcomecam-as-obras-na-cobertura-da-catedral-de-notre-dame%2F&amp;summary=&amp;source=LinkedIn\" target=\"_blank\" class=\" hidden-sm hidden-xs\" rel=\"noopener noreferrer\"><i class=\"icon-linkedin\"\/><\/a><\/p>\n<p>      <a href=\"https:\/\/plus.google.com\/share?url=https%3A%2F%2Fexame.abril.com.br%2Fmundo%2Fcomecam-as-obras-na-cobertura-da-catedral-de-notre-dame%2F\" target=\"_blank\" class=\" hidden-sm hidden-xs hidden-md hidden-lg\" rel=\"noopener noreferrer\"><i class=\"icon-google-plus\"\/><\/a><\/p>\n<p>      <a href=\"#respond\" class=\" hidden-sm hidden-xs hidden-md hidden-lg\"><i class=\"material-icons\">chat_bubble_outline<\/i><\/a><\/p>\n<p>      <a href=\"mailto:?subject=Come\u00e7am as obras na cobertura da catedral de Notre-Dame&amp;body=Come\u00e7am as obras na cobertura da catedral de Notre-Dame https:\/\/exame.abril.com.br\/mundo\/comecam-as-obras-na-cobertura-da-catedral-de-notre-dame\/?utm_source=email&amp;utm_medium=email&amp;utm_campaign=barra-compartilhamento via EXAME\" class=\"\"><i class=\"icon-envelope-o\"\/><\/a><\/p>\n<p>            <a href=\"\/\/pinterest.com\/pin\/create\/link\/?url=https:\/\/exame.abril.com.br\/mundo\/comecam-as-obras-na-cobertura-da-catedral-de-notre-dame\/&amp;description=Come\u00e7am as obras na cobertura da catedral de Notre-Dame&amp;media=https:\/\/abrilexame.files.wordpress.com\/2019\/04\/gettyimages-1137427479.jpg?quality=70&amp;strip=info&amp;w=680&amp;h=453&amp;crop=1\" class=\" hidden-sm hidden-xs hidden-md hidden-lg\" target=\"_blank\" rel=\"noopener noreferrer\"><i class=\"icon-pinterest\"\/><\/a><\/p>\n<p>      <i class=\"material-icons\" onclick=\"toggle(this,'.share','more_horiz','close')\">more_horiz<\/i><br \/>\n          <\/section>\n<section class=\"article-content\">\n<div class=\"featured-image\">\n<div class=\"image\">\n              <img decoding=\"async\" src=\"https:\/\/abrilexame.files.wordpress.com\/2019\/04\/gettyimages-1137427479.jpg\" class=\"abril-image optimized lazyload\" abril-data-id=\"3361121\"  alt = \"gettyimages-1137427479 Come\u00e7am as obras na cobertura da catedral de Notre-Dame\"title = \"[Tags]\"\/><\/div>\n<p class=\"caption\">Catedral de Notre-Dame: o presidente da Fran\u00e7a estabeleceu uma meta de cinco anos para a conclus\u00e3o das obras\u00a0(Mustafa Dilekli\/Anadolu Agency\/Getty Images)<\/p>\n<\/p><\/div>\n<p>As obras de cobertura para proteger da chuva a <strong><a href=\"https:\/\/exame.abril.com.br\/noticias-sobre\/catedral-de-notre-dame-de-paris\/\">catedral de Notre-Dame<\/a><\/strong> de Paris come\u00e7aram nesta ter\u00e7a-feira, oito dias depois do <a href=\"https:\/\/exame.abril.com.br\/mundo\/incendio-na-catedral-de-notre-dame-em-paris-e-relatado-nas-redes-sociais\/\">devastador inc\u00eandio<\/a> que destruiu parcialmente o monumento g\u00f3tico.<\/p>\n<p>\u201cAs obras de cobertura come\u00e7aram\u201d, disse \u00e0 AFP assessor de imprensa da Notre-Dame, Andr\u00e9 Finot. \u201cCome\u00e7aremos com a ab\u00f3boda e depois passaremos para a nave\u201d, acrescentou.<\/p>\n<p>Est\u00e1 prevista chuva na quarta-feira em Paris e a infiltra\u00e7\u00e3o de \u00e1gua poderia danificar o edif\u00edcio e as obras de arte que ainda est\u00e3o dentro da catedral, que j\u00e1 recebeu quantidades significativas de \u00e1gua durante a opera\u00e7\u00e3o dos bombeiros para apagar o fogo em 15 de abril.<\/p>\n<p>Nas pr\u00f3ximas semanas, um imenso \u201cguarda-chuva\u201d ser\u00e1 implantado para proteger a catedral.<\/p>\n<p>O presidente <strong><a href=\"https:\/\/exame.abril.com.br\/noticias-sobre\/emmanuel-macron\">Emmanuel Macron<\/a><\/strong> estabeleceu uma <a href=\"https:\/\/exame.abril.com.br\/mundo\/reconstruiremos-notre-dame-em-cinco-anos-diz-macron\/\">meta de 5 anos para a reconstru\u00e7\u00e3o da catedral<\/a>, um prazo que divide os especialistas.<\/p>\n<p>Segundo v\u00e1rios arquitetos, a fase que preceder\u00e1 as obras de reconstru\u00e7\u00e3o ser\u00e1 a mais longa e complexa: limpeza e saneamento do monumento, investiga\u00e7\u00e3o sobre as causas do acidente, consolida\u00e7\u00e3o das partes mais fr\u00e1geis, licita\u00e7\u00f5es\u2026<\/p>\n<p>A isso se somar\u00e1 o concurso internacional lan\u00e7ado para reconstruir a emblem\u00e1tica torre em forma de agulha de 93 metros que desabou nos primeiros 90 minutos do inc\u00eandio.<\/p>\n<p>Depois, a tecnologia permitir\u00e1 um r\u00e1pido progresso na reconstru\u00e7\u00e3o.<\/p>\n<p>Os primeiros ind\u00edcios sugerem que o inc\u00eandio se originou acidentalmente, provavelmente por um curto-circuito, mas os especialistas ter\u00e3o que estudar minuciosamente todos os restos calcinados em busca de provas para determinar exatamente as causas.<\/p>\n<p>A Catedral de Notre-Dame \u00e9 o monumento hist\u00f3rico mais visitado da Europa, com 12 a 14 milh\u00f5es de turistas anuais.<\/p>\n<\/section>\n<section class=\"article-tags\"><span><br \/>\n                Not\u00edcias sobre              <\/span><br \/>\n              <a href=\"https:\/\/exame.abril.com.br\/noticias-sobre\/catedral-de-notre-dame-de-paris\/\" rel=\"tag\">Catedral de Notre-Dame de Paris<\/a><a href=\"https:\/\/exame.abril.com.br\/noticias-sobre\/franca\/\" rel=\"tag\">Fran\u00e7a<\/a><a href=\"https:\/\/exame.abril.com.br\/noticias-sobre\/incendios\/\" rel=\"tag\">Inc\u00eandios<\/a><a href=\"https:\/\/exame.abril.com.br\/noticias-sobre\/paris\/\" rel=\"tag\">Paris<\/a>            <\/section>\n<\/p><\/div>\n<p><script async src=\"http:\/\/platform.twitter.com\/widgets.js\" charset=\"utf-8\"><\/script><script type=\"text\/javascript\">(function(d){var id=\"facebook-jssdk\";if(!d.getElementById(id)){var js=d.createElement(\"script\"),ref=d.getElementsByTagName(\"script\")[0];js.id=id,js.async=true,js.src=\"https:\/\/connect.facebook.net\/pt_BR\/all.js\",ref.parentNode.insertBefore(js,ref)}})(document)<\/script><br \/>\n<br \/><br \/>\n<br \/><a href=\"https:\/\/exame.abril.com.br\/mundo\/comecam-as-obras-na-cobertura-da-catedral-de-notre-dame\/\">Fonte do Artigo <\/a><\/p>\n","protected":false},"excerpt":{"rendered":"<p>As obras na catedral de Notre-Dame contra a chuva come\u00e7aram nesta ter\u00e7a-feira (23), oito dias ap\u00f3s o grande inc\u00eandio Por AFP access_time 23 abr 2019, 14h23 chat_bubble_outline more_horiz Catedral de Notre-Dame: o presidente da Fran\u00e7a estabeleceu uma meta de cinco anos para a conclus\u00e3o das obras\u00a0(Mustafa Dilekli\/Anadolu Agency\/Getty Images) As obras de cobertura para proteger [&hellip;]<\/p>\n","protected":false},"author":1,"featured_media":19092,"comment_status":"open","ping_status":"open","sticky":false,"template":"","format":"standard","meta":{"footnotes":""},"categories":[337],"tags":[],"class_list":["post-19091","post","type-post","status-publish","format-standard","has-post-thumbnail","hentry","category-noticias"],"_links":{"self":[{"href":"https:\/\/wiy.com.br\/noticias\/wp-json\/wp\/v2\/posts\/19091","targetHints":{"allow":["GET"]}}],"collection":[{"href":"https:\/\/wiy.com.br\/noticias\/wp-json\/wp\/v2\/posts"}],"about":[{"href":"https:\/\/wiy.com.br\/noticias\/wp-json\/wp\/v2\/types\/post"}],"author":[{"embeddable":true,"href":"https:\/\/wiy.com.br\/noticias\/wp-json\/wp\/v2\/users\/1"}],"replies":[{"embeddable":true,"href":"https:\/\/wiy.com.br\/noticias\/wp-json\/wp\/v2\/comments?post=19091"}],"version-history":[{"count":0,"href":"https:\/\/wiy.com.br\/noticias\/wp-json\/wp\/v2\/posts\/19091\/revisions"}],"wp:featuredmedia":[{"embeddable":true,"href":"https:\/\/wiy.com.br\/noticias\/wp-json\/wp\/v2\/media\/19092"}],"wp:attachment":[{"href":"https:\/\/wiy.com.br\/noticias\/wp-json\/wp\/v2\/media?parent=19091"}],"wp:term":[{"taxonomy":"category","embeddable":true,"href":"https:\/\/wiy.com.br\/noticias\/wp-json\/wp\/v2\/categories?post=19091"},{"taxonomy":"post_tag","embeddable":true,"href":"https:\/\/wiy.com.br\/noticias\/wp-json\/wp\/v2\/tags?post=19091"}],"curies":[{"name":"wp","href":"https:\/\/api.w.org\/{rel}","templated":true}]}}