{"id":19081,"date":"2023-02-26T15:02:46","date_gmt":"2023-02-26T18:02:46","guid":{"rendered":"https:\/\/wiy.com.br\/noticias\/mauro-cezar-diz-que-nao-tem-motivo-para-bater-em-luxa-ja-que-treinador-esta-ha-541-dias-fora-do-mercado\/"},"modified":"2019-04-23T13:32:29","modified_gmt":"2019-04-23T16:32:29","slug":"mauro-cezar-diz-que-nao-tem-motivo-para-bater-em-luxa-ja-que-treinador-esta-ha-541-dias-fora-do-mercado","status":"publish","type":"post","link":"https:\/\/wiy.com.br\/noticias\/mauro-cezar-diz-que-nao-tem-motivo-para-bater-em-luxa-ja-que-treinador-esta-ha-541-dias-fora-do-mercado\/","title":{"rendered":"Mauro Cezar diz que n\u00e3o tem motivo para &#8216;bater&#8217; em Luxa j\u00e1 que treinador &#8216;est\u00e1 h\u00e1 541 dias fora do mercado&#8217;"},"content":{"rendered":"<p> <br \/>\n<br \/><img title = \"[Tags]\"alt = \"5cbf30dfe382b Mauro Cezar diz que n\u00e3o tem motivo para &#039;bater&#039; em Luxa j\u00e1 que treinador &#039;est\u00e1 h\u00e1 541 dias fora do mercado&#039;\"decoding=\"async\" src=\"http:\/\/www.lance.com.br\/\/files\/\/uploads\/2019\/04\/23\/5cbf30dfe382b.jpeg\" \/><\/p>\n<div>\n<p class=\"paragraph\" id=\"pnull-m69-68-70\">O jornalista Mauro C\u00e9zar afirmou que anotou em um papel, para rebater, todas as criticas feitas por Vanderlei Luxemburgo durante o programa &#8216;Futebol na Veia&#8217;, da ESPN, da \u00faltima segunda-feira. Na ocasi\u00e3o, Vanderlei disse que Mauro &#8216;bate nele todo o dia&#8217; e o acha ultrapassado.<\/p>\n<p>&#8211;\u00a0Eu proponho esse debate. Mas eu acho que tem coisa boa no Brasil. Voc\u00ea pode n\u00e3o gostar do Luxemburgo, do Felip\u00e3o, mas s\u00e3o vencedores. Ent\u00e3o, parece persegui\u00e7\u00e3o. Ele me bate todo dia. Eu estou at\u00e9 calejado. Ent\u00e3o eu estou aqui no local de trabalho dele, propondo um debate para saber o que ele acha ultrapassado, o que ele acha velho e eu gostaria de falar sobre futebol, sobre a experi\u00eancia e como ela me deixou mais preparado para o futebol. Um programa como esse aqui, sem briga, com perguntas boas, respostas, um tempo legal, para ouvirmos as ideias &#8211; disse Luxemburgo.<\/p>\n<p>Mais tarde, no &#8216;Linha de Passe&#8217;, Mauro respondeu Luxa, dizendo que n\u00e3o tem motivos para bater no treinador que est\u00e1 sem cargo h\u00e1 541 dias, desde que deixou o comando do Sport.<\/p>\n<p>&#8211; O Luxemburgo esteve no \u2018Futebol na Veia\u2019, nosso programa de fim de tarde. Ao final do programa, ele fez refer\u00eancias ao meu respeito. Fiz aqui algumas anota\u00e7\u00f5es para n\u00e3o me perder. Falou tanta coisa n\u00e9? Nada muito inteligente, mas falou muita coisa. Primeiro disse que eu bato nele todos os dias. N\u00e3o tem nem motivo, porque ele est\u00e1 h\u00e1 541 dias fora do mercado, foi h\u00e1 541 dias que o Sport o demitiu, ent\u00e3o n\u00e3o teria nem motivo para falar diariamente de Vanderlei Luxemburgo porque ele n\u00e3o \u00e9 assunto, n\u00e3o \u00e9 pauta h\u00e1 algum tempo &#8211; falou.<\/p>\n<p>&#8211;\u00a0Depois disse que eu coloco todos os t\u00e9cnicos dentro de um saco s\u00f3, dizendo que s\u00e3o ruins. N\u00e3o, pelo contr\u00e1rio, n\u00e3o presta aten\u00e7\u00e3o no que eu falo e pelo jeito n\u00e3o presta aten\u00e7\u00e3o no nosso trabalho e est\u00e1 falando de orelhada. Fernando Diniz, Tite, Carille, Thiago Nunes, Mano Menezes, que eu acho que pode fazer mais do que apresenta, o Renato (Ga\u00facho) que eu n\u00e3o acreditava, que no Gr\u00eamio foi superbem, est\u00e1 indo bem, sempre elogiado. [&#8230;] E o pr\u00f3prio Felip\u00e3o no ano passado, acho o estilo de jogo superado, antigo, n\u00e3o se usa mais este estilo de jogo nas grandes ligas do planeta, mas inegavelmente ele foi campe\u00e3o e mereceu elogios, que fizemos\u201d, acrescentou.<\/p>\n<p class=\"paragraph\" id=\"pnull-m170-1-171\">Sobre o debate porposto por Luxa, Mauro aceitou o convite e come\u00e7ou a falar do assunto, expondo sua opini\u00e3o.<\/p>\n<p>&#8211;\u00a0A\u00ed ele fala o que \u00e9 \u2018ser ultrapassado?\u2019. Os times reativos que jogam aqui por uma bola, se preocupando em n\u00e3o perder antes de querer ganhar. S\u00e3o esses times que jogam esse futebol med\u00edocre que temos falado aqui direto, de jogos ruins, de times que praticam partidas fracas. E os arquitetos destas equipes s\u00e3o os treinadores, com exce\u00e7\u00f5es, e estes t\u00e9cnicos que citei em alguns momentos s\u00e3o protagonistas destas mudan\u00e7as &#8211; disse.<\/p>\n<p>&#8211; Sobre seu desafio para um debate, seu assessor tem meu telefone. Pode me ligar que n\u00e3o vou receb\u00ea-lo mal com palavr\u00f5es. Vou receb\u00ea-lo civilizadamente desde que voc\u00ea seja capaz de faz\u00ea-lo &#8211; afirmou.<\/p>\n<p>Mauro ainda reclamou de que Luxemburgo estaria falando dele pelas costas.<\/p>\n<p>&#8211; Luxemburgo usou muito a palavra covardia. Luxemburgo, \u00e9 o seguinte, meu caro. Covardia \u00e9 falar pelas costas, todos os meus coment\u00e1rios s\u00e3o feitos aqui na lata. A pessoa est\u00e1 assistindo e vendo o que eu estou falando &#8211; disse.<\/p>\n<p>&#8211; Acho que seus \u00faltimos trabalhos foram ruins e por isso, talvez, voc\u00ea n\u00e3o trabalhe h\u00e1 541 dias em nenhum time de futebol no Brasil &#8211; concluiu<\/p>\n<\/div>\n<p><script>(function(d, s, id) {\n    var js, fjs = d.getElementsByTagName(s)[0];\n    if (d.getElementById(id)) return;\n    js = d.createElement(s); js.id = id;\n    js.src = 'https:\/\/connect.facebook.net\/pt_BR\/sdk.js#xfbml=1&version=v2.12&appId=1124817024230602';\n    fjs.parentNode.insertBefore(js, fjs);\n    }(document, 'script', 'facebook-jssdk'));<\/script><br \/>\n<br \/><br \/>\n<br \/><a href=\"http:\/\/www.lance.com.br\/fora-de-campo\/mauro-cezar-diz-que-nao-tem-motivo-para-bater-luxa-que-treinador-esta-541-dias-fora-mercado.html\">Link do Artigo <\/a><\/p>\n","protected":false},"excerpt":{"rendered":"<p>O jornalista Mauro C\u00e9zar afirmou que anotou em um papel, para rebater, todas as criticas feitas por Vanderlei Luxemburgo durante o programa &#8216;Futebol na Veia&#8217;, da ESPN, da \u00faltima segunda-feira. Na ocasi\u00e3o, Vanderlei disse que Mauro &#8216;bate nele todo o dia&#8217; e o acha ultrapassado. &#8211;\u00a0Eu proponho esse debate. Mas eu acho que tem coisa [&hellip;]<\/p>\n","protected":false},"author":1,"featured_media":19082,"comment_status":"open","ping_status":"open","sticky":false,"template":"","format":"standard","meta":{"footnotes":""},"categories":[372],"tags":[],"class_list":["post-19081","post","type-post","status-publish","format-standard","has-post-thumbnail","hentry","category-futebol"],"_links":{"self":[{"href":"https:\/\/wiy.com.br\/noticias\/wp-json\/wp\/v2\/posts\/19081","targetHints":{"allow":["GET"]}}],"collection":[{"href":"https:\/\/wiy.com.br\/noticias\/wp-json\/wp\/v2\/posts"}],"about":[{"href":"https:\/\/wiy.com.br\/noticias\/wp-json\/wp\/v2\/types\/post"}],"author":[{"embeddable":true,"href":"https:\/\/wiy.com.br\/noticias\/wp-json\/wp\/v2\/users\/1"}],"replies":[{"embeddable":true,"href":"https:\/\/wiy.com.br\/noticias\/wp-json\/wp\/v2\/comments?post=19081"}],"version-history":[{"count":0,"href":"https:\/\/wiy.com.br\/noticias\/wp-json\/wp\/v2\/posts\/19081\/revisions"}],"wp:featuredmedia":[{"embeddable":true,"href":"https:\/\/wiy.com.br\/noticias\/wp-json\/wp\/v2\/media\/19082"}],"wp:attachment":[{"href":"https:\/\/wiy.com.br\/noticias\/wp-json\/wp\/v2\/media?parent=19081"}],"wp:term":[{"taxonomy":"category","embeddable":true,"href":"https:\/\/wiy.com.br\/noticias\/wp-json\/wp\/v2\/categories?post=19081"},{"taxonomy":"post_tag","embeddable":true,"href":"https:\/\/wiy.com.br\/noticias\/wp-json\/wp\/v2\/tags?post=19081"}],"curies":[{"name":"wp","href":"https:\/\/api.w.org\/{rel}","templated":true}]}}