{"id":18908,"date":"2023-02-26T14:54:43","date_gmt":"2023-02-26T17:54:43","guid":{"rendered":"https:\/\/wiy.com.br\/noticias\/thiago-gagliasso-e-nomeado-para-secretaria-de-cultura-do-rio\/"},"modified":"2019-04-22T18:54:24","modified_gmt":"2019-04-22T21:54:24","slug":"thiago-gagliasso-e-nomeado-para-secretaria-de-cultura-do-rio","status":"publish","type":"post","link":"https:\/\/wiy.com.br\/noticias\/thiago-gagliasso-e-nomeado-para-secretaria-de-cultura-do-rio\/","title":{"rendered":"Thiago Gagliasso \u00e9 nomeado para Secretaria de Cultura do Rio"},"content":{"rendered":"<p> <br \/>\n<\/p>\n<p><span>Thiago Gagliasso, irm\u00e3o do ator Bruno Gagliasso, foi nomeado para um cargo na Secretaria de Cultura e Economia Criativa do Estado do Rio de Janeiro (SECECRJ). Na \u00faltima quinta-feira, 18, ele compartilhou uma imagem no Instagram na qual confirmava o novo emprego e disse que espera &#8220;dar o m\u00e1ximo, sempre com transpar\u00eancia e aberto a novas ideias&#8221;.<\/span><\/p>\n<p><span>Em nota, a Secretaria informou que Thiago, tamb\u00e9m ator, entrou para o cargo em comiss\u00e3o de assistente da Superintend\u00eancia de Artes no dia 26 de fevereiro deste ano, com publica\u00e7\u00e3o no <em>Di\u00e1rio Oficial do Estado<\/em> no dia 28 de fevereiro. Ele vai trabalhar de segunda-feira a sexta-feira, como os demais funcion\u00e1rios da pasta.<\/span><\/p>\n<p><span>&#8220;<em>Influenciador digital, Gagliasso est\u00e1 trazendo a experi\u00eancia do seu canal no YouTube e perfil no Instagram para as redes sociais da SECEC. O mundo digital \u00e9 uma das vertentes da Economia Criativa, setor no qual o Estado do Rio de Janeiro \u00e9 o principal polo de criatividade do pa\u00eds, contando com mais de 99 000 postos de trabalho<\/em>&#8220;, disse o comunicado.<\/span><\/p>\n<p><span>A secretaria destaca tamb\u00e9m o projeto social de forma\u00e7\u00e3o de atores desenvolvido por ele na Beija-Flor, em Nil\u00f3polis. &#8220;<em>Thiago est\u00e1 fazendo a interface com o mundo art\u00edstico, apresentando sugest\u00f5es de parcerias para serem analisadas pela Superintend\u00eancia de Artes<\/em>&#8220;, complementa o \u00f3rg\u00e3o.<\/span><\/p>\n<p><br \/>\n<br \/><a href=\"https:\/\/vejasp.abril.com.br\/cidades\/thiago-gagliasso-nomeado-secretaria-cultura-rio\/\">Source link <\/a><\/p>\n","protected":false},"excerpt":{"rendered":"<p>Thiago Gagliasso, irm\u00e3o do ator Bruno Gagliasso, foi nomeado para um cargo na Secretaria de Cultura e Economia Criativa do Estado do Rio de Janeiro (SECECRJ). Na \u00faltima quinta-feira, 18, ele compartilhou uma imagem no Instagram na qual confirmava o novo emprego e disse que espera &#8220;dar o m\u00e1ximo, sempre com transpar\u00eancia e aberto a [&hellip;]<\/p>\n","protected":false},"author":1,"featured_media":18909,"comment_status":"open","ping_status":"open","sticky":false,"template":"","format":"standard","meta":{"footnotes":""},"categories":[7],"tags":[],"class_list":["post-18908","post","type-post","status-publish","format-standard","has-post-thumbnail","hentry","category-economia"],"_links":{"self":[{"href":"https:\/\/wiy.com.br\/noticias\/wp-json\/wp\/v2\/posts\/18908","targetHints":{"allow":["GET"]}}],"collection":[{"href":"https:\/\/wiy.com.br\/noticias\/wp-json\/wp\/v2\/posts"}],"about":[{"href":"https:\/\/wiy.com.br\/noticias\/wp-json\/wp\/v2\/types\/post"}],"author":[{"embeddable":true,"href":"https:\/\/wiy.com.br\/noticias\/wp-json\/wp\/v2\/users\/1"}],"replies":[{"embeddable":true,"href":"https:\/\/wiy.com.br\/noticias\/wp-json\/wp\/v2\/comments?post=18908"}],"version-history":[{"count":0,"href":"https:\/\/wiy.com.br\/noticias\/wp-json\/wp\/v2\/posts\/18908\/revisions"}],"wp:featuredmedia":[{"embeddable":true,"href":"https:\/\/wiy.com.br\/noticias\/wp-json\/wp\/v2\/media\/18909"}],"wp:attachment":[{"href":"https:\/\/wiy.com.br\/noticias\/wp-json\/wp\/v2\/media?parent=18908"}],"wp:term":[{"taxonomy":"category","embeddable":true,"href":"https:\/\/wiy.com.br\/noticias\/wp-json\/wp\/v2\/categories?post=18908"},{"taxonomy":"post_tag","embeddable":true,"href":"https:\/\/wiy.com.br\/noticias\/wp-json\/wp\/v2\/tags?post=18908"}],"curies":[{"name":"wp","href":"https:\/\/api.w.org\/{rel}","templated":true}]}}