{"id":18860,"date":"2023-02-26T15:36:18","date_gmt":"2023-02-26T18:36:18","guid":{"rendered":"https:\/\/wiy.com.br\/noticias\/no-twitter-moro-volta-a-defender-ampliacao-de-banco-de-dna\/"},"modified":"2019-04-22T14:44:09","modified_gmt":"2019-04-22T17:44:09","slug":"no-twitter-moro-volta-a-defender-ampliacao-de-banco-de-dna","status":"publish","type":"post","link":"https:\/\/wiy.com.br\/noticias\/no-twitter-moro-volta-a-defender-ampliacao-de-banco-de-dna\/","title":{"rendered":"No Twitter, Moro volta a defender amplia\u00e7\u00e3o de banco de DNA"},"content":{"rendered":"<p> <br \/>\n<\/p>\n<p>S\u00e3o Paulo \u2014 O ministro da Justi\u00e7a e Seguran\u00e7a P\u00fablica, <strong><a href=\"https:\/\/exame.abril.com.br\/noticias-sobre\/sergio-moro\/\" target=\"_blank\" rel=\"noopener noreferrer\">S\u00e9rgio Moro<\/a><\/strong>, voltou a se manifestar no Twitter sobre seu projeto de lei anticrime. Desta vez o ex-juiz abordou enfaticamente uma de suas &#8220;medidas favoritas&#8221;, a amplia\u00e7\u00e3o do Banco Nacional de Perfis Gen\u00e9ticos.<\/p>\n<p>Segundo Moro, em texto postado no s\u00e1bado, 20, o uso do recurso aumentaria a taxa de resolu\u00e7\u00e3o de investiga\u00e7\u00f5es criminais, principalmente em casos em que vest\u00edgios corporais s\u00e3o encontrados.<\/p>\n<p>A proposta do ministro \u00e9 realizar a extra\u00e7\u00e3o de DNA por meio da coleta de saliva dos condenados por crimes dolosos no Pa\u00eds, quando eles entrarem nas unidades prisionais.<\/p>\n<div class=\"widget-news widget-box no-margin no-border\"><span class=\"widget-news-title content-box-title\">Veja tamb\u00e9m<\/span><\/p>\n<ul class=\"widget-news-list\">\n<li class=\"widget-news-item without-thumb with-border\">\n<div class=\"widget-news-info\"><a href=\"http:\/\/exame.abril.com.br\/brasil\">BRASIL<\/a><span class=\"widget-news-item-title\"><a href=\"https:\/\/exame.abril.com.br\/brasil\/no-twitter-moro-usa-filmes-americanos-para-explicar-pacote-anticrime\/\">No Twitter, Moro usa filmes americanos para explicar pacote anticrime<\/a><\/span><span class=\"widget-news-item-date\">8 abr 2019 &#8211; 11h04<\/span><\/div>\n<\/li>\n<\/ul>\n<\/div>\n<p>Os policiais poderiam ent\u00e3o cruzar as informa\u00e7\u00f5es do banco de dados com perfis de DNA encontrados em cenas de crime, n\u00e3o s\u00f3 melhorando as investiga\u00e7\u00f5es e evitando erros, mas tamb\u00e9m inibindo a reincid\u00eancia dos delitos.<\/p>\n<p>Na avalia\u00e7\u00e3o de Moro, o banco de informa\u00e7\u00f5es gen\u00e9ticas brasileiro \u00e9 modesto, contando com 20 a 30 mil perfis, enquanto o dos EUA re\u00fane 12 milh\u00f5es.<\/p>\n<p>O ministro afirmou que o recurso \u00e9 pouco utilizado no Brasil e fez refer\u00eancia a uma confirma\u00e7\u00e3o obtida pela Pol\u00edcia Federal, com o uso do Banco Nacional de Perfis Gen\u00e9ticos, da participa\u00e7\u00e3o de um suspeito em tr\u00eas crimes, entre eles a execu\u00e7\u00e3o do agente penitenci\u00e1rio federal Alex Belarmino em Cascavel (PR), em 2016.<\/p>\n<p>Em maio de 2012, a ex-presidente <strong><a href=\"https:\/\/exame.abril.com.br\/noticias-sobre\/dilma-rousseff\/\" target=\"_blank\" rel=\"noopener noreferrer\">Dilma Rousseff<\/a><\/strong> sancionou a Lei 12.654, que modificou a Lei 12.037\/2009 e a Lei de Execu\u00e7\u00e3o Penal, passando a prever a coleta de perfil gen\u00e9tico como forma de identifica\u00e7\u00e3o criminal.<\/p>\n<p>O Banco Nacional de Perfis Gen\u00e9ticos e a Rede Integrada de Bancos de Perfis Gen\u00e9ticos foram institu\u00eddos em mar\u00e7o do ano seguinte, por meio do Decreto 7.950\/2013.<\/p>\n<p>O pacote anticrime de Moro altera o artigo 9\u00ba da Lei de Execu\u00e7\u00e3o Penal, estabelecendo que os condenados por crimes dolosos, mesmo sem tr\u00e2nsito em julgado, passem pela identifica\u00e7\u00e3o do perfil gen\u00e9tico quando ingressarem no sistema prisional.<\/p>\n<p>O texto adiciona ao atual a realiza\u00e7\u00e3o da extra\u00e7\u00e3o de DNA para condenados que n\u00e3o esgotaram suas possibilidades de entrar com recurso contra a decis\u00e3o judicial.<\/p>\n<p>O projeto tamb\u00e9m adiciona dois artigos \u00e0 Lei, estabelecendo que os detentos que n\u00e3o foram submetidos \u00e0 extra\u00e7\u00e3o de DNA quando entraram na pris\u00e3o realizem a identifica\u00e7\u00e3o durante o cumprimento da pena &#8211; e que a recusa ao procedimento seja considerada como falta grave.<\/p>\n<p>O ministro tamb\u00e9m prop\u00f4s mudan\u00e7a na Lei 12.037\/2009, determinando que os perfis gen\u00e9ticos sejam exclu\u00eddos do banco de dados no caso de absolvi\u00e7\u00e3o ou vinte anos ap\u00f3s o cumprimento da pena do condenado, mediante requerimento. Atualmente, a lei prev\u00ea que as informa\u00e7\u00f5es gen\u00e9ticas sejam exclu\u00eddas ap\u00f3s o fim do prazo de prescri\u00e7\u00e3o do delito.<\/p>\n<div class=\"embed-twitter\">\n<blockquote class=\"twitter-tweet\" data-width=\"500\" data-dnt=\"true\">\n<p lang=\"pt\" dir=\"ltr\">Projeto de lei anticrime. Medidas simples e eficazes contra o crime. Uma das minhas favoritas, a amplia\u00e7\u00e3o do Banco Nacional de Perfis Gen\u00e9ticos, o que aumentar\u00e1 a taxa de resolu\u00e7\u00e3o de investiga\u00e7\u00e3o de qualquer crime, mas principalmente de crimes que deixam vest\u00edgios corporais.<\/p>\n<p>&mdash; Sergio Moro (@SF_Moro) <a href=\"https:\/\/twitter.com\/SF_Moro\/status\/1119582806961795075?ref_src=twsrc%5Etfw\">April 20, 2019<\/a><\/p>\n<\/blockquote>\n<\/div>\n<p><script async src=\"http:\/\/platform.twitter.com\/widgets.js\" charset=\"utf-8\"><\/script><br \/>\n<br \/><br \/>\n<br \/><a href=\"https:\/\/exame.abril.com.br\/brasil\/no-twitter-moro-volta-a-defender-ampliacao-de-banco-de-dna\/\">Fonte do Artigo <\/a><\/p>\n<p>#noticias #news #o #brasil #venezuela #n #jornalismo #a #love #like #bbb #musica #colombia #tv #blog #fofoca #mexico #gay #caracas #saopaulo #instagram #follow #not #cias #famosos #m #brazil #politica #pol #jeansobrinho<\/p>\n","protected":false},"excerpt":{"rendered":"<p>S\u00e3o Paulo \u2014 O ministro da Justi\u00e7a e Seguran\u00e7a P\u00fablica, S\u00e9rgio Moro, voltou a se manifestar no Twitter sobre seu projeto de lei anticrime. Desta vez o ex-juiz abordou enfaticamente uma de suas &#8220;medidas favoritas&#8221;, a amplia\u00e7\u00e3o do Banco Nacional de Perfis Gen\u00e9ticos. Segundo Moro, em texto postado no s\u00e1bado, 20, o uso do recurso [&hellip;]<\/p>\n","protected":false},"author":1,"featured_media":18861,"comment_status":"open","ping_status":"open","sticky":false,"template":"","format":"standard","meta":{"footnotes":""},"categories":[339],"tags":[],"class_list":["post-18860","post","type-post","status-publish","format-standard","has-post-thumbnail","hentry","category-negocios"],"_links":{"self":[{"href":"https:\/\/wiy.com.br\/noticias\/wp-json\/wp\/v2\/posts\/18860","targetHints":{"allow":["GET"]}}],"collection":[{"href":"https:\/\/wiy.com.br\/noticias\/wp-json\/wp\/v2\/posts"}],"about":[{"href":"https:\/\/wiy.com.br\/noticias\/wp-json\/wp\/v2\/types\/post"}],"author":[{"embeddable":true,"href":"https:\/\/wiy.com.br\/noticias\/wp-json\/wp\/v2\/users\/1"}],"replies":[{"embeddable":true,"href":"https:\/\/wiy.com.br\/noticias\/wp-json\/wp\/v2\/comments?post=18860"}],"version-history":[{"count":0,"href":"https:\/\/wiy.com.br\/noticias\/wp-json\/wp\/v2\/posts\/18860\/revisions"}],"wp:featuredmedia":[{"embeddable":true,"href":"https:\/\/wiy.com.br\/noticias\/wp-json\/wp\/v2\/media\/18861"}],"wp:attachment":[{"href":"https:\/\/wiy.com.br\/noticias\/wp-json\/wp\/v2\/media?parent=18860"}],"wp:term":[{"taxonomy":"category","embeddable":true,"href":"https:\/\/wiy.com.br\/noticias\/wp-json\/wp\/v2\/categories?post=18860"},{"taxonomy":"post_tag","embeddable":true,"href":"https:\/\/wiy.com.br\/noticias\/wp-json\/wp\/v2\/tags?post=18860"}],"curies":[{"name":"wp","href":"https:\/\/api.w.org\/{rel}","templated":true}]}}