{"id":18828,"date":"2023-02-26T15:32:22","date_gmt":"2023-02-26T18:32:22","guid":{"rendered":"https:\/\/wiy.com.br\/noticias\/mudanca-no-vasco-precisa-ir-alem-de-valentim-blog-do-garone\/"},"modified":"2019-04-22T11:56:06","modified_gmt":"2019-04-22T14:56:06","slug":"mudanca-no-vasco-precisa-ir-alem-de-valentim-blog-do-garone","status":"publish","type":"post","link":"https:\/\/wiy.com.br\/noticias\/mudanca-no-vasco-precisa-ir-alem-de-valentim-blog-do-garone\/","title":{"rendered":"Mudan\u00e7a no Vasco precisa ir al\u00e9m de Valentim | Blog do Garone"},"content":{"rendered":"<p> <br \/>\n<\/p>\n<div>\n<div id=\"attachment_10738\" style=\"width: 610px\" class=\"wp-caption aligncenter\"><a href=\"http:\/\/blogs.lancenet.com.br\/garone\/wp-content\/uploads\/2019\/04\/alberto-valentim-delmiro-jr-photo-premium.jpeg\"><img title = \"[Tags]\"loading=\"lazy\" decoding=\"async\" class=\"size-full wp-image-10738\" src=\"http:\/\/blogs.lancenet.com.br\/garone\/wp-content\/uploads\/2019\/04\/alberto-valentim-delmiro-jr-photo-premium.jpeg\"alt = \"alberto-valentim-delmiro-jr-photo-premium Mudan\u00e7a no Vasco precisa ir al\u00e9m de Valentim | Blog do Garone\" width=\"600\" height=\"375\"  \/><\/a><\/p>\n<p class=\"wp-caption-text\">Alberto Valentim n\u00e3o \u00e9 mais t\u00e9cnico do Vasco (Foto: Delmiro Jr\/Photo Premium)<\/p>\n<\/div>\n<p>No futebol n\u00e3o existe her\u00f3i solit\u00e1rio assim como n\u00e3o h\u00e1 um vil\u00e3o que caminhe sozinho. \u00c9 um esporte coletivo dentro e fora de campo. Portanto, n\u00e3o \u00e9 a simples mudan\u00e7a de treinador que ir\u00e1 resolver todos os problemas de um clube. No caso do Vasco, que demitiu Alberto Valentim neste domingo, as causas para o baixo rendimento s\u00e3o muitas, apesar do presidente manter o discurso de que o trabalho vinha sendo bem feito.<\/p>\n<p>Valentim deixou o cargo com <a href=\"http:\/\/blogs.lancenet.com.br\/garone\/aproveitamento-de-valentim-foi-inferior-ao-de-ze-ricardo-e-outros-11-tecnicos-que-passaram-pelo-vasco-nesta-decada\/\" target=\"_blank\" rel=\"noopener noreferrer\"><strong>50,4% de aproveitamento<\/strong><\/a>. Na S\u00e9rie A do ano passado, o rendimento havia sido de apenas 29,6%, um desempenho que se fosse mantido durante todo o campeonato o teria deixado na vice-lanterna da competi\u00e7\u00e3o, ficando \u00e0 frente apenas do Paran\u00e1. N\u00fameros muito ruins, mas que n\u00e3o impediram a perman\u00eancia de Alberto para 2019. A diretoria confiou no trabalho a longo prazo, por\u00e9m, que deu poucos sinais de evolu\u00e7\u00e3o em oito meses. Principalmente quando testado contra advers\u00e1rios da 1\u00aa divis\u00e3o.<\/p>\n<p>Os resultados em campo, no entanto, s\u00e3o apenas a consequ\u00eancia do planejamento do clube fora dele, que passam pelas m\u00e3os n\u00e3o apenas de Campello, mas tamb\u00e9m do diretor Alexandre Faria e do coordenador t\u00e9cnico Paulo C\u00e9sar Gusm\u00e3o, respons\u00e1veis por montar um elenco que at\u00e9 ent\u00e3o se mostra desequilibrado.<\/p>\n<p>O Carioca deixou claro que faltam op\u00e7\u00f5es ofensivas no time, que precisou mais uma vez recorrer \u00e0 base com urg\u00eancia para suprir suas lacunas, subindo Tiago Reis e Lucas Santos j\u00e1 como solu\u00e7\u00e3o e n\u00e3o apenas como op\u00e7\u00e3o. Marrony, outra cria da base, foi o artilheiro do time. Reis, decisivo na reta final da Ta\u00e7a Rio.<\/p>\n<p>Jovens protagonistas que deveriam ser apenas coadjuvantes se as contrata\u00e7\u00f5es tivessem elevado o n\u00edvel do elenco, e n\u00e3o apenas o enchido.<\/p>\n<p>Bruno C\u00e9sar, principal contrata\u00e7\u00e3o da equipe para a temporada, e que <a href=\"http:\/\/blogs.lancenet.com.br\/garone\/bruno-cesar-nao-e-maxi-lopez\/\" target=\"_blank\" rel=\"noopener noreferrer\"><strong>sabidamente vinha de temporadas ruins no Sporting<\/strong><\/a>, com problemas f\u00edsicos e t\u00e9cnicos, terminou o Carioca no banco. O insucesso com o seu camisa 10 for\u00e7ou a chegada de mais um homem para o meio: <a href=\"http:\/\/blogs.lancenet.com.br\/garone\/valdivia-no-vasco\/\" target=\"_blank\" rel=\"noopener noreferrer\"><strong>Vald\u00edvia<\/strong><\/a>.<\/p>\n<p>Maxi L\u00f3pez, principal nome em 2018, idem. Por isso o protagonismo precoce dos garotos.<\/p>\n<p>Com problemas na cria\u00e7\u00e3o, o time abusou do jogo a\u00e9reo no campeonato. Danilo Barcelos foi o l\u00edder em assist\u00eancias para finaliza\u00e7\u00e3o da equipe, com 31 passes. Todos os os tr\u00eas grandes tiveram meias no topo do quesito. O Flamengo, campe\u00e3o estadual, teve sua trinca na lideran\u00e7a, com Arrascaeta, Diego e \u00c9verton Ribeiro. No Flu, Everaldo, Yony Gonz\u00e1lez e Ganso ocupam as tr\u00eas primeiras coloca\u00e7\u00f5es. J\u00e1 no Botafogo, Erik e Luiz Fernando dominaram as a\u00e7\u00f5es. S\u00f3 no Vasco que o principal gar\u00e7om foi um lateral.<\/p>\n<p>Um problema n\u00e3o s\u00f3 de pe\u00e7as, mas de um esquema com dois pontas abertos que Valentim insistiu em manter e n\u00e3o soube mudar diante das dificuldades.<\/p>\n<p>No setor defensivo, se n\u00e3o faltam op\u00e7\u00f5es \u2013 s\u00f3 de volantes s\u00e3o mais de dez atletas que podem exercer a fun\u00e7\u00e3o -, ainda n\u00e3o se tem a qualidade esperada. A diretoria contratou Fellipe Bastos \u2013 que atuou apenas 14 minutos em tr\u00eas meses -, renovou com Willian Maranh\u00e3o por cinco anos \u2013 que fez apenas quatro partidas na temporada -, esbo\u00e7a uma nova amplia\u00e7\u00e3o de contrato com Bruno Silva, e nenhum se coloca no elenco como poss\u00edvel solu\u00e7\u00e3o para o setor.<\/p>\n<p>A cabe\u00e7a de \u00e1rea, inclusive, foi um dos pontos mais fr\u00e1geis da equipe no Estadual. Lucas Mineiro, apesar de mostrar qualidade na sa\u00edda de bola, com bom controle e passe, demonstrou dificuldades na marca\u00e7\u00e3o. Junto com Raul, teve uma m\u00e9dia de desarmes inferior, por exemplo, a de Paulo Henrique Ganso. O camisa 10 do Fluminense teve m\u00e9dia de 1,6 recupera\u00e7\u00f5es de bola por rodada, enquanto que a dupla vasca\u00edna teve um aproveitamento de 1,3 por jogo. Apenas entre os atletas dos quatro grandes, segundo dados do Footstats, os dois tiveram somente a 31\u00aa maior m\u00e9dia no fundamento. Um n\u00famero que ajuda a explicar a facilidade com que os advers\u00e1rios chegavam at\u00e9 a \u00e1rea cruz-maltina.<\/p>\n<p>Com dificuldades para recuperar a bola, o Vasco terminou o Carioca com a menor m\u00e9dia de posse de bola entre os quatro grandes, com apenas 51%.<\/p>\n<p>N\u00e3o \u00e0 toa Fernando Miguel e Leandro Cast\u00e1n foram um dos poucos destaques nos cl\u00e1ssicos, quando o n\u00edvel do confronto aumentou.<\/p>\n<p>Ou seja, a diretoria que tanto fala em austeridade financeira e reconstru\u00e7\u00e3o do clube, segue se dando ao luxo de gastar com jogadores que acrescentam pouco ao elenco, s\u00e3o pouco utilizados e incham n\u00e3o s\u00f3 o plantel mas tamb\u00e9m a folha salarial. Depois cobram da torcida uma maior associa\u00e7\u00e3o para aumentar o investimento no futebol.<\/p>\n<p>O atual elenco do Vasco conta com mais de 40 jogadores \u2013 11 contratados apenas em 2019 -, e ainda assim tem lacunas. principalmente t\u00e9cnicas.<\/p>\n<p>Valentim tem sua parcela de culpa no fraco desempenho do time desde o ano passado, \u00e9 claro. Principalmente na postura submissa que a equipe assumiu nas partidas contra Ava\u00ed, Bangu e Flamengo. Sua sa\u00edda, por\u00e9m, n\u00e3o \u00e9 a mudan\u00e7a geral que o clube precisa, mas apenas o in\u00edcio dela.<\/p>\n<p>Ap\u00f3s perder quatro meses de prepara\u00e7\u00e3o com um treinador que j\u00e1 dava sinais desde o ano passado de que n\u00e3o duraria no cargo, o Vasco come\u00e7a o Brasileiro, mais uma vez, com baixas expectativas. E assim ser\u00e1, independente de quem assuma, caso a reformula\u00e7\u00e3o no futebol vasca\u00edno n\u00e3o seja mais profunda.<\/p>\n<p>Youtube:\u00a0<a href=\"https:\/\/www.youtube.com\/c\/canaldogarone\" target=\"_blank\" rel=\"noopener noreferrer\"><strong>Canal do Garone<\/strong><\/a><br \/>Twitter:\u00a0<a href=\"https:\/\/twitter.com\/BlogDoGarone\" target=\"_blank\" rel=\"noopener noreferrer\"><strong>@BlogDoGarone<\/strong><\/a><br \/>Facebook:\u00a0<strong><a href=\"https:\/\/www.facebook.com\/BlogDoGarone\/\" target=\"_blank\" rel=\"noopener noreferrer\">\/BlogDoGarone<\/a><br \/><\/strong>Instagram:<strong>\u00a0<a href=\"https:\/\/www.instagram.com\/BlogDoGarone\/\" target=\"_blank\" rel=\"noopener noreferrer\">@BlogDoGarone<\/a><\/strong><\/p>\n<p><iframe loading=\"lazy\" src=\"https:\/\/www.youtube.com\/embed\/XOg537yco1I\" width=\"560\" height=\"315\" frameborder=\"0\" allowfullscreen=\"allowfullscreen\" data-mce-fragment=\"1\"><\/iframe><\/p>\n<p><!-- Facebook Comments Plugin for WordPress: http:\/\/peadig.com\/wordpress-plugins\/facebook-comments\/ -->\t\t<\/div>\n<p><script async src=\"http:\/\/platform.twitter.com\/widgets.js\" charset=\"utf-8\"><\/script><script>(function(d, s, id) {\n  var js, fjs = d.getElementsByTagName(s)[0];\n  if (d.getElementById(id)) return;\n  js = d.createElement(s); js.id = id;\n  js.src = \"http:\/\/connect.facebook.net\/pt_BR\/sdk.js#xfbml=1&appId=1124817024230602&version=v2.3\";\n  fjs.parentNode.insertBefore(js, fjs);\n}(document, 'script', 'facebook-jssdk'));<\/script><script async defer src=\"http:\/\/platform.instagram.com\/en_US\/embeds.js\"><\/script><br \/>\n<br \/><br \/>\n<br \/><a href=\"http:\/\/www.lance.com.br\/vasco\/blog-garone-mudanca-vasco-precisa-alem-valentim.html\">Link do Artigo <\/a><\/p>\n","protected":false},"excerpt":{"rendered":"<p>Alberto Valentim n\u00e3o \u00e9 mais t\u00e9cnico do Vasco (Foto: Delmiro Jr\/Photo Premium) No futebol n\u00e3o existe her\u00f3i solit\u00e1rio assim como n\u00e3o h\u00e1 um vil\u00e3o que caminhe sozinho. \u00c9 um esporte coletivo dentro e fora de campo. Portanto, n\u00e3o \u00e9 a simples mudan\u00e7a de treinador que ir\u00e1 resolver todos os problemas de um clube. No caso [&hellip;]<\/p>\n","protected":false},"author":1,"featured_media":18829,"comment_status":"open","ping_status":"open","sticky":false,"template":"","format":"standard","meta":{"footnotes":""},"categories":[372],"tags":[],"class_list":["post-18828","post","type-post","status-publish","format-standard","has-post-thumbnail","hentry","category-futebol"],"_links":{"self":[{"href":"https:\/\/wiy.com.br\/noticias\/wp-json\/wp\/v2\/posts\/18828","targetHints":{"allow":["GET"]}}],"collection":[{"href":"https:\/\/wiy.com.br\/noticias\/wp-json\/wp\/v2\/posts"}],"about":[{"href":"https:\/\/wiy.com.br\/noticias\/wp-json\/wp\/v2\/types\/post"}],"author":[{"embeddable":true,"href":"https:\/\/wiy.com.br\/noticias\/wp-json\/wp\/v2\/users\/1"}],"replies":[{"embeddable":true,"href":"https:\/\/wiy.com.br\/noticias\/wp-json\/wp\/v2\/comments?post=18828"}],"version-history":[{"count":0,"href":"https:\/\/wiy.com.br\/noticias\/wp-json\/wp\/v2\/posts\/18828\/revisions"}],"wp:featuredmedia":[{"embeddable":true,"href":"https:\/\/wiy.com.br\/noticias\/wp-json\/wp\/v2\/media\/18829"}],"wp:attachment":[{"href":"https:\/\/wiy.com.br\/noticias\/wp-json\/wp\/v2\/media?parent=18828"}],"wp:term":[{"taxonomy":"category","embeddable":true,"href":"https:\/\/wiy.com.br\/noticias\/wp-json\/wp\/v2\/categories?post=18828"},{"taxonomy":"post_tag","embeddable":true,"href":"https:\/\/wiy.com.br\/noticias\/wp-json\/wp\/v2\/tags?post=18828"}],"curies":[{"name":"wp","href":"https:\/\/api.w.org\/{rel}","templated":true}]}}