{"id":18502,"date":"2023-02-26T15:05:25","date_gmt":"2023-02-26T18:05:25","guid":{"rendered":"https:\/\/wiy.com.br\/noticias\/a-assinatura-que-constrange-raquel-dodge\/"},"modified":"2019-04-20T06:41:08","modified_gmt":"2019-04-20T09:41:08","slug":"a-assinatura-que-constrange-raquel-dodge","status":"publish","type":"post","link":"https:\/\/wiy.com.br\/noticias\/a-assinatura-que-constrange-raquel-dodge\/","title":{"rendered":"A assinatura que constrange Raquel Dodge"},"content":{"rendered":"<p> <br \/>\n<\/p>\n<div>\n<p>\nRaquel Dodge tem oscilado entre disputar a lista tr\u00edplice da ANPR ou tentar ser reconduzida ao cargo por Jair Bolsonaro sem o apoio dos procuradores da Rep\u00fablica. Ou seja: desrespeitando a elei\u00e7\u00e3o lista tr\u00edplice, organizada pela Associa\u00e7\u00e3o dos Procuradores e respeitada por todos os presidentes da Rep\u00fablica desde 2003.\n<\/p>\n<p>\nMas haver\u00e1 um baita constrangimento caso ela drible a lista.\n<\/p>\n<p>\nEm junho de 2017, ela assinou, com colegas da PGR, um documento comprometendo-se com a lista e enchendo a bola deste mecanismo de escolha do PGR.\n<\/p>\n<figure class=\"article__picture article__picture--horizontal\"><img title = \"[Tags]\"class=\"article__picture-image\" data-src=\"https:\/\/ogimg.infoglobo.com.br\/in\/23610401-441-3b9\/FT1086A\/652\/xdocumento-Dodge.jpg.pagespeed.ic.K6lna9O-Jv.jpg\"alt = \"xdocumento-Dodge.jpg.pagespeed.ic.K6lna9O-Jv A assinatura que constrange Raquel Dodge\"\/><figcaption class=\"article__picture-caption\">Em 2017, Dodge defendeu a lista Foto: Coluna Guilherme Amado\/Ag\u00eancia O Globo<\/figcaption><\/figure>\n<p>\n<strong>Leia mais:<br \/><\/strong><br \/>\n<a href=\"https:\/\/epoca.globo.com\/os-500-dias-de-raquel-dodge-o-enterro-da-lava-jato-23402867\">Os 500 dias de Raquel Dodge e o enterro da Lava Jato <\/a>\n<\/p>\n<p>\n<strong>Acompanhe nas redes sociais: <a href=\"https:\/\/www.facebook.com\/GuilhermeAmadoJornalista\">Facebook<\/a> | <a href=\"https:\/\/twitter.com\/guilherme_amado\">Twitter<\/a> | <a href=\"https:\/\/www.instagram.com\/guilhermeamado\/\">Instagram<\/a><\/strong>\n<\/p>\n<div class=\"article__embed-container\">\n<div class=\"embed-social\">\n<div id=\"g-autores-coluna-box\" class=\"ai2html\">\n<div id=\"g-autores-coluna-desk\" class=\"g-artboard\">\n<div id=\"g-autores-coluna-desk-graphic\"><img title = \"[Tags]\"alt = \"xdocumento-Dodge.jpg.pagespeed.ic.K6lna9O-Jv A assinatura que constrange Raquel Dodge\"decoding=\"async\" class=\"g-aiImg\" id=\"g-ai0-0\" src=\"https:\/\/d37iydjzbdkvr9.cloudfront.net\/arquivos\/2019\/01\/18\/autores-coluna-desk.png\"\/><\/p>\n<div id=\"g-ai0-4\" class=\"g-Layer_1 g-aiAbs\" style=\"top:53.7867%;left:.1653%;width:46.581%\">\n<article class=\"g-aiPstyle2\">Guilherme Amado passou por O Globo, Veja e Extra. Recebeu os pr\u00eamios Esso e Tim Lopes de Jornalismo Investigativo. \u00c9 JSK Fellow na Universidade Stanford, e integrante do Cons\u00f3rcio Internacional de Jornalistas Investigativos. Fica entre Bras\u00edlia, S\u00e3o Paulo, Rio e onde mais houver uma boa hist\u00f3ria para contar.<\/article>\n<\/div>\n<div id=\"g-ai0-5\" class=\"g-Layer_1 g-aiAbs\" style=\"top:53.7867%;left:54.1705%;width:45.1613%\">\n<article class=\"g-aiPstyle2\">Eduardo Barretto passou pelo jornal O Globo e pelos sites Cruso\u00e9 e Poder360. Colaborou tamb\u00e9m para a Associated Press e O Estado de S. Paulo. Estudou na Universidade de Bras\u00edlia e na London School of Journalism. Fica baseado na Capital Federal, onde busca hist\u00f3rias sobre o poder.<\/article>\n<\/div>\n<\/div>\n<\/div>\n<div id=\"g-autores-coluna-mobi\" class=\"g-artboard\">\n<div id=\"g-autores-coluna-mobi-graphic\"><img title = \"[Tags]\"alt = \"xdocumento-Dodge.jpg.pagespeed.ic.K6lna9O-Jv A assinatura que constrange Raquel Dodge\"decoding=\"async\" class=\"g-aiImg\" id=\"g-ai1-0\" src=\"https:\/\/d37iydjzbdkvr9.cloudfront.net\/arquivos\/2019\/01\/18\/autores-coluna-mobi.png\"\/><\/p>\n<div id=\"g-ai1-3\" class=\"g-Layer_1 g-aiAbs\" style=\"top:26.4122%;left:3.1238%;width:93.3333%\">\n<article class=\"g-aiPstyle2\">Guilherme Amado passou por O Globo, Veja e Extra. Recebeu os pr\u00eamios Esso e Tim Lopes de Jornalismo Investigativo. \u00c9 JSK Fellow na Universidade Stanford, e integrante do Cons\u00f3rcio Internacional de Jornalistas Investigativos. Fica entre Bras\u00edlia, S\u00e3o Paulo, Rio e onde mais houver uma boa hist\u00f3ria para contar.<\/article>\n<\/div>\n<div id=\"g-ai1-5\" class=\"g-Layer_1 g-aiAbs\" style=\"top:76.2784%;left:3.2939%;width:93.3333%\">\n<article class=\"g-aiPstyle2\">Eduardo Barretto passou pelo jornal O Globo e pelos sites Cruso\u00e9 e Poder360. Colaborou tamb\u00e9m para a Associated Press e O Estado de S. Paulo. Estudou na Universidade de Bras\u00edlia e na London School of Journalism. Fica baseado na Capital Federal, onde busca hist\u00f3rias sobre o poder.<\/article>\n<\/div>\n<\/div>\n<\/div>\n<\/div>\n<\/div>\n<\/div>\n<\/div>\n<p><script async src=\"http:\/\/platform.twitter.com\/widgets.js\" charset=\"utf-8\"><\/script><script async defer src=\"http:\/\/platform.instagram.com\/en_US\/embeds.js\"><\/script><br \/>\n<br \/><br \/>\n<br \/><a href=\"https:\/\/epoca.globo.com\/guilherme-amado\/a-assinatura-que-constrange-raquel-dodge-23610405\">Fonte do Artigo <\/a><\/p>\n","protected":false},"excerpt":{"rendered":"<p>Raquel Dodge tem oscilado entre disputar a lista tr\u00edplice da ANPR ou tentar ser reconduzida ao cargo por Jair Bolsonaro sem o apoio dos procuradores da Rep\u00fablica. Ou seja: desrespeitando a elei\u00e7\u00e3o lista tr\u00edplice, organizada pela Associa\u00e7\u00e3o dos Procuradores e respeitada por todos os presidentes da Rep\u00fablica desde 2003. Mas haver\u00e1 um baita constrangimento caso [&hellip;]<\/p>\n","protected":false},"author":1,"featured_media":18503,"comment_status":"open","ping_status":"open","sticky":false,"template":"","format":"standard","meta":{"footnotes":""},"categories":[337],"tags":[],"class_list":["post-18502","post","type-post","status-publish","format-standard","has-post-thumbnail","hentry","category-noticias"],"_links":{"self":[{"href":"https:\/\/wiy.com.br\/noticias\/wp-json\/wp\/v2\/posts\/18502","targetHints":{"allow":["GET"]}}],"collection":[{"href":"https:\/\/wiy.com.br\/noticias\/wp-json\/wp\/v2\/posts"}],"about":[{"href":"https:\/\/wiy.com.br\/noticias\/wp-json\/wp\/v2\/types\/post"}],"author":[{"embeddable":true,"href":"https:\/\/wiy.com.br\/noticias\/wp-json\/wp\/v2\/users\/1"}],"replies":[{"embeddable":true,"href":"https:\/\/wiy.com.br\/noticias\/wp-json\/wp\/v2\/comments?post=18502"}],"version-history":[{"count":0,"href":"https:\/\/wiy.com.br\/noticias\/wp-json\/wp\/v2\/posts\/18502\/revisions"}],"wp:featuredmedia":[{"embeddable":true,"href":"https:\/\/wiy.com.br\/noticias\/wp-json\/wp\/v2\/media\/18503"}],"wp:attachment":[{"href":"https:\/\/wiy.com.br\/noticias\/wp-json\/wp\/v2\/media?parent=18502"}],"wp:term":[{"taxonomy":"category","embeddable":true,"href":"https:\/\/wiy.com.br\/noticias\/wp-json\/wp\/v2\/categories?post=18502"},{"taxonomy":"post_tag","embeddable":true,"href":"https:\/\/wiy.com.br\/noticias\/wp-json\/wp\/v2\/tags?post=18502"}],"curies":[{"name":"wp","href":"https:\/\/api.w.org\/{rel}","templated":true}]}}