{"id":18379,"date":"2023-02-26T15:24:04","date_gmt":"2023-02-26T18:24:04","guid":{"rendered":"https:\/\/wiy.com.br\/noticias\/passado-de-glorias-exaltado-em-cd\/"},"modified":"2019-04-19T12:18:20","modified_gmt":"2019-04-19T15:18:20","slug":"passado-de-glorias-exaltado-em-cd","status":"publish","type":"post","link":"https:\/\/wiy.com.br\/noticias\/passado-de-glorias-exaltado-em-cd\/","title":{"rendered":"Passado de gl\u00f3rias exaltado em CD"},"content":{"rendered":"<p> <br \/>\n<\/p>\n<div>\n<p>\nRIO \u2014 Na pr\u00f3xima quinta, \u00e0s 19h30m, a velha guarda da Mangueira lan\u00e7a, em show no Teatro Odylo Costa, filho, na Uerj, um CD em tributo a Geraldo Pereira com regrava\u00e7\u00f5es de m\u00fasicas do compositor. A dire\u00e7\u00e3o e os arranjos s\u00e3o de Paul\u00e3o Sete Cordas. Entre as 14 faixas h\u00e1 participa\u00e7\u00f5es de Zeca Pagodinho, Leci Brand\u00e3o, Alcione, Nelson Sargento e Beth\u00e2nia.\n<\/p>\n<p>\nEssa \u00e9 a terceira gera\u00e7\u00e3o da velha guarda. Segundo Robson Lo Bianco, produtor executivo do grupo, ela foi criada em 2016 com o objetivo de manter viva a hist\u00f3ria da verde e rosa.\n<\/p>\n<p>\n\u2014 Come\u00e7amos com o Geraldo porque ano passado ele faria 100 anos. Em seguida, Cartola, mas para regravar m\u00fasicas menos conhecidas, porque tem muita coisa linda dele que as pessoas n\u00e3o conhecem \u2014diz Lo Bianco.\n<\/p>\n<p>\nDepois ser\u00e1 a vez de Nelson Cavaquinho, Carlos Cacha\u00e7a, Jos\u00e9 Ramos, Padeirinho, Babau, Xang\u00f4 e outros. Autor de diversos sambas-enredo da escola, Tantinho da Mangueira \u00e9 um dos que conviveram com nomes como Carlos Cacha\u00e7a e Nelson Cavaquinho.\n<\/p>\n<p>\nAp\u00f3s conquistar o t\u00edtulo de campe\u00e3 do carnaval de 2019 com um samba-enredo de exalta\u00e7\u00e3o \u00e0s ra\u00edzes africanas e ind\u00edgenas do Brasil, a Mangueira, para Lo Bianco, segue resgatando a Hist\u00f3ria para enriquecer o presente \u201ccom a ajuda dos deuses da verde e rosa\u201d:\n<\/p>\n<p>\n\u2014 Eles trabalham l\u00e1 em cima enquanto n\u00f3s recebemos as energias e fazemos acontecer. Nada combinado.\n<\/p>\n<p>\n<em>*Estagi\u00e1rio, sob a supervis\u00e3o de Elisa Torres<\/em>\n<\/p>\n<p>\n<strong>SIGA O GLOBO-BAIRROS NO TWITTER<\/strong><br \/>\n(<br \/>\n<a href=\"https:\/\/twitter.com\/OGlobo_Bairros\" title=\"\">OGlobo_Bairros<\/a><br \/>\n)\n<\/p>\n<\/div>\n<p><script async src=\"http:\/\/platform.twitter.com\/widgets.js\" charset=\"utf-8\"><\/script><br \/>\n<br \/><br \/>\n<br \/><a href=\"https:\/\/oglobo.globo.com\/rio\/bairros\/passado-de-glorias-exaltado-em-cd-23610951\">Fonte do Artigo <\/a><\/p>\n","protected":false},"excerpt":{"rendered":"<p>RIO \u2014 Na pr\u00f3xima quinta, \u00e0s 19h30m, a velha guarda da Mangueira lan\u00e7a, em show no Teatro Odylo Costa, filho, na Uerj, um CD em tributo a Geraldo Pereira com regrava\u00e7\u00f5es de m\u00fasicas do compositor. A dire\u00e7\u00e3o e os arranjos s\u00e3o de Paul\u00e3o Sete Cordas. Entre as 14 faixas h\u00e1 participa\u00e7\u00f5es de Zeca Pagodinho, Leci [&hellip;]<\/p>\n","protected":false},"author":1,"featured_media":0,"comment_status":"open","ping_status":"open","sticky":false,"template":"","format":"standard","meta":{"footnotes":""},"categories":[337],"tags":[],"class_list":["post-18379","post","type-post","status-publish","format-standard","hentry","category-noticias"],"_links":{"self":[{"href":"https:\/\/wiy.com.br\/noticias\/wp-json\/wp\/v2\/posts\/18379","targetHints":{"allow":["GET"]}}],"collection":[{"href":"https:\/\/wiy.com.br\/noticias\/wp-json\/wp\/v2\/posts"}],"about":[{"href":"https:\/\/wiy.com.br\/noticias\/wp-json\/wp\/v2\/types\/post"}],"author":[{"embeddable":true,"href":"https:\/\/wiy.com.br\/noticias\/wp-json\/wp\/v2\/users\/1"}],"replies":[{"embeddable":true,"href":"https:\/\/wiy.com.br\/noticias\/wp-json\/wp\/v2\/comments?post=18379"}],"version-history":[{"count":0,"href":"https:\/\/wiy.com.br\/noticias\/wp-json\/wp\/v2\/posts\/18379\/revisions"}],"wp:attachment":[{"href":"https:\/\/wiy.com.br\/noticias\/wp-json\/wp\/v2\/media?parent=18379"}],"wp:term":[{"taxonomy":"category","embeddable":true,"href":"https:\/\/wiy.com.br\/noticias\/wp-json\/wp\/v2\/categories?post=18379"},{"taxonomy":"post_tag","embeddable":true,"href":"https:\/\/wiy.com.br\/noticias\/wp-json\/wp\/v2\/tags?post=18379"}],"curies":[{"name":"wp","href":"https:\/\/api.w.org\/{rel}","templated":true}]}}