{"id":18347,"date":"2023-02-26T15:49:10","date_gmt":"2023-02-26T18:49:10","guid":{"rendered":"https:\/\/wiy.com.br\/noticias\/estou-na-minha-melhor-versao-por-isso-mostro-mesmo-diz-iza-sobre-corpo\/"},"modified":"2019-04-19T08:13:04","modified_gmt":"2019-04-19T11:13:04","slug":"estou-na-minha-melhor-versao-por-isso-mostro-mesmo-diz-iza-sobre-corpo","status":"publish","type":"post","link":"https:\/\/wiy.com.br\/noticias\/estou-na-minha-melhor-versao-por-isso-mostro-mesmo-diz-iza-sobre-corpo\/","title":{"rendered":"\u2018Estou na minha melhor vers\u00e3o. Por isso, mostro mesmo\u2019, diz IZA sobre corpo"},"content":{"rendered":"<p> <br \/>\n<\/p>\n<div>\n<p>\nEm 2016, IZA (tudo em letras garrafais mesmo) era uma aspirante a pop star, que fazia pequenas apresenta\u00e7\u00f5es com covers de grandes nomes internacionais como Beyonc\u00e9 e Rihanna. Corta para uma passagem de tempo. Hoje, a cantora carioca, que nasceu em Olaria, \u00e9 um dos principais nomes do showbiz brasileiro, com um repert\u00f3rio pr\u00f3prio que inclui o hit \u201cPesad\u00e3o\u201d (227 milh\u00f5es de visualiza\u00e7\u00f5es no YouTube), parte do \u00e1lbum \u201cDona de mim\u201d (2018), performances em grandes festivais como o Rock in Rio e campanhas publicit\u00e1rias de peso no curr\u00edculo.\n<\/p>\n<p>\n\u2014 Sinto que estou muito mais segura e madura agora, aprendi tanto sobre a ind\u00fastria e sobre mim, principalmente. Fui me conhecendo melhor e fazendo coisas dentro da minha verdade. Estou madura para me expressar. Virei outra pessoa profissionalmente falando \u2014 diz a cantora.\n<\/p>\n<figure class=\"article__picture article__picture--vertical\"><img title = \"[Tags]\"class=\"article__picture-image\" data-src=\"https:\/\/ogimg.infoglobo.com.br\/in\/23610601-1fd-a25\/FT450A\/iza.jpg\"alt = \"iza \u2018Estou na minha melhor vers\u00e3o. Por isso, mostro mesmo\u2019, diz IZA sobre corpo\" brisa=\"\" foto:=\"\" divulga=\"\"\/><figcaption class=\"article__picture-caption\">IZA acaba de lan\u00e7ar a m\u00fasica &#8220;Brisa&#8221; Foto: Divulga\u00e7\u00e3o<\/figcaption><\/figure>\n<p>\n\u00a0\n<\/p>\n<p>\nAl\u00e9m da m\u00fasica, IZA, de 28 anos, \u00e9 uma pot\u00eancia nas redes sociais, seguida por 5,5 milh\u00f5es de pessoas s\u00f3 no Instagram. Nos posts, ela quer mostrar seu empoderamento e ser um espelho para as meninas negras. Tamb\u00e9m h\u00e1 fotos com o marido, o produtor S\u00e9rgio Santos, com quem se casou em dezembro.\n<\/p>\n<p>\nA seguir, confira os melhores momentos da entrevista com a cantora carioca, que lan\u00e7ou nessa quinta-feira mais uma m\u00fasica, \u201cBrisa\u201d.\n<\/p>\n<p>\n<strong>Vida de rec\u00e9m-casada <\/strong>\n<\/p>\n<p>\n\u201cNa verdade, tem sido cada vez melhor, me sinto mais apaixonada, feliz e realizada. Tenho vivido momentos muito especiais dentro da minha casa. E isso tem me deixado extremamente feliz! Com certeza, isso tem equilibrado todo o resto da minha vida\u201d.\n<\/p>\n<p>\n<strong>Fotos abusadas no Instagram <\/strong>\n<\/p>\n<p>\n\u201cEstou muito feliz com meu corpo, me sentindo maravilhosa e orgulhosa de mim. Estou na minha melhor vers\u00e3o. Por isso, mostro mesmo, sabe? Estou amando a forma que estou me vendo. Mais do que isso, feliz com a rela\u00e7\u00e3o com meu corpo hoje. Sei como antes isso era uma quest\u00e3o para mim&#8221;.\n<\/p>\n<section class=\"block block--advertising\">\n<\/section>\n<p>\n<strong>Exposi\u00e7\u00e3o e julgamentos<\/strong>\n<\/p>\n<p>\n\u201cNa verdade, estou mais confiante na minha vontade. Entendi que tenho que me agradar. E agradar os outros \u00e9 consequ\u00eancia de estar feliz. Sei que n\u00e3o vou agradar todo mundo. Ningu\u00e9m agrada todo mundo. Ent\u00e3o, acho que driblei essas quest\u00f5es pensando que n\u00e3o tenho que ter medo de ser julgada. Tenho que ter medo de n\u00e3o ser eu\u201d.\n<\/p>\n<figure class=\"article__picture article__picture--vertical\"><img title = \"[Tags]\"class=\"article__picture-image\" data-src=\"https:\/\/ogimg.infoglobo.com.br\/in\/23610602-016-18c\/FT450A\/iza.jpg\"alt = \"iza \u2018Estou na minha melhor vers\u00e3o. Por isso, mostro mesmo\u2019, diz IZA sobre corpo\"\/><figcaption class=\"article__picture-caption\">IZA j\u00e1 fez performance no Rock in Rio Foto: Divu\u00e7ga\u00e7\u00e3o<\/figcaption><\/figure>\n<p>\n\u00a0\n<\/p>\n<p>\n<strong>F\u00e3s <\/strong>\n<\/p>\n<p>\n\u201cLidar com essa aten\u00e7\u00e3o agora faz parte da minha vida. Antes, estranhava um pouco. Mas, ao mesmo tempo, sempre gostei muito de me relacionar, de receber abra\u00e7os e encontrar meus f\u00e3s. Eu me sinto muito feliz em poder ter esse contato e carinho direto com eles. Isso me motiva bastante\u201d.\n<\/p>\n<p>\n<strong>Futuro <\/strong>\n<\/p>\n<p>\n\u201cTenho feito muitas colabora\u00e7\u00f5es. Estou preparando um novo trabalho meu tamb\u00e9m. Desde que lancei &#8220;Dona de Mim&#8221;, n\u00e3o parei de trabalhar. Tenho mais m\u00fasicas para mostrar e estou ansiosa para saber o que meu p\u00fablico vai achar. Ent\u00e3o, em 2019 voc\u00eas podem esperar muitas novas parcerias e muitas m\u00fasicas novas\u201d.\n<\/p>\n<\/div>\n<p><br \/>\n<br \/><a href=\"https:\/\/oglobo.globo.com\/ela\/gente\/estou-na-minha-melhor-versao-por-isso-mostro-mesmo-diz-iza-sobre-corpo-23610603\">Fonte do Artigo <\/a><\/p>\n","protected":false},"excerpt":{"rendered":"<p>Em 2016, IZA (tudo em letras garrafais mesmo) era uma aspirante a pop star, que fazia pequenas apresenta\u00e7\u00f5es com covers de grandes nomes internacionais como Beyonc\u00e9 e Rihanna. Corta para uma passagem de tempo. Hoje, a cantora carioca, que nasceu em Olaria, \u00e9 um dos principais nomes do showbiz brasileiro, com um repert\u00f3rio pr\u00f3prio que [&hellip;]<\/p>\n","protected":false},"author":1,"featured_media":18348,"comment_status":"open","ping_status":"open","sticky":false,"template":"","format":"standard","meta":{"footnotes":""},"categories":[337],"tags":[],"class_list":["post-18347","post","type-post","status-publish","format-standard","has-post-thumbnail","hentry","category-noticias"],"_links":{"self":[{"href":"https:\/\/wiy.com.br\/noticias\/wp-json\/wp\/v2\/posts\/18347","targetHints":{"allow":["GET"]}}],"collection":[{"href":"https:\/\/wiy.com.br\/noticias\/wp-json\/wp\/v2\/posts"}],"about":[{"href":"https:\/\/wiy.com.br\/noticias\/wp-json\/wp\/v2\/types\/post"}],"author":[{"embeddable":true,"href":"https:\/\/wiy.com.br\/noticias\/wp-json\/wp\/v2\/users\/1"}],"replies":[{"embeddable":true,"href":"https:\/\/wiy.com.br\/noticias\/wp-json\/wp\/v2\/comments?post=18347"}],"version-history":[{"count":0,"href":"https:\/\/wiy.com.br\/noticias\/wp-json\/wp\/v2\/posts\/18347\/revisions"}],"wp:featuredmedia":[{"embeddable":true,"href":"https:\/\/wiy.com.br\/noticias\/wp-json\/wp\/v2\/media\/18348"}],"wp:attachment":[{"href":"https:\/\/wiy.com.br\/noticias\/wp-json\/wp\/v2\/media?parent=18347"}],"wp:term":[{"taxonomy":"category","embeddable":true,"href":"https:\/\/wiy.com.br\/noticias\/wp-json\/wp\/v2\/categories?post=18347"},{"taxonomy":"post_tag","embeddable":true,"href":"https:\/\/wiy.com.br\/noticias\/wp-json\/wp\/v2\/tags?post=18347"}],"curies":[{"name":"wp","href":"https:\/\/api.w.org\/{rel}","templated":true}]}}