{"id":18313,"date":"2023-02-26T15:03:18","date_gmt":"2023-02-26T18:03:18","guid":{"rendered":"https:\/\/wiy.com.br\/noticias\/a-parte-e-o-todo\/"},"modified":"2019-04-19T02:04:11","modified_gmt":"2019-04-19T05:04:11","slug":"a-parte-e-o-todo","status":"publish","type":"post","link":"https:\/\/wiy.com.br\/noticias\/a-parte-e-o-todo\/","title":{"rendered":"A parte e o todo"},"content":{"rendered":"<p> <br \/>\n<\/p>\n<div>\n<p>\nO ministro Dias Toffoli foi t\u00e3o bom advogado do PT nas elei\u00e7\u00f5es de 2002 que foi chamado para servir a Jos\u00e9 Dirceu na Casa Civil e, depois, indicado por Lula e Dirceu, foi al\u00e7ado \u00e0 Advocacia-Geral da Uni\u00e3o e finalmente ao Supremo. \u00c9 fato.\n<\/p>\n<p>\nNa \u00e9poca, soube-se que Toffoli tinha sido reprovado duas vezes no concurso para juiz de primeira inst\u00e2ncia. \u00c9 fato. Mas certamente n\u00e3o por burrice ou ignor\u00e2ncia, os concursos para juiz s\u00e3o dos mais duros do pa\u00eds e exigem pelo menos dois anos de estudos intensivos. Talvez por falta de tempo, vagabundagem ou excesso de autoconfian\u00e7a. \u00c9 especula\u00e7\u00e3o.\n<\/p>\n<p>\nToffoli parece muito inteligente e ardiloso, galante e vaidoso, como quase todos os ministros do Supremo. O que, em tese, o tornaria mais perigoso, de acordo com a m\u00e1xima de H\u00e9lio Pellegrino \u201ca inteligencia voltada para o mal \u00e9 pior do que a burrice\u201d. \u00c9 uma tese.\n<\/p>\n<p>\nNo Mensal\u00e3o, apesar das estreitas liga\u00e7\u00f5es e d\u00edvidas de gratid\u00e3o com Jos\u00e9 Dirceu, n\u00e3o se declarou impedido de julg\u00e1-lo. E o absolveu. \u00c9 fato. O \u201cesprit de corps\u201d do plen\u00e1rio n\u00e3o contestou a sua imparcialidade.\n<\/p>\n<p>\nComo se comprovou depois, Dirceu era o chef\u00e3o do Mensal\u00e3o, para n\u00e3o queimar o chef\u00e3o do chef\u00e3o, Lula. \u00c9 hist\u00f3ria.\n<\/p>\n<p>\nCom Gilmar e Lewandowski, Toffoli formou uma inesquec\u00edvel \u201cSegundona\u201d, que entrou para a hist\u00f3ria recente por sua generosidade com condenados presos e sua posi\u00e7\u00e3o contra a pris\u00e3o depois de condena\u00e7\u00e3o em segunda inst\u00e2ncia, vigente em todo o mundo civilizado. Toffoli prop\u00f4s uma terceira inst\u00e2ncia, que, com seus infinitos recursos, continuar\u00e1 garantindo a impunidade e a prescri\u00e7\u00e3o de crimes de quem tem bons advogados. \u00c9 fato e coment\u00e1rio.\n<\/p>\n<section class=\"block block--advertising\">\n<\/section>\n<p>\n\u00c9 dif\u00edcil, ou f\u00e1cil demais, entender quando um acusado diz que \u00e9 um ataque contra a C\u00e2mara, o Senado, ou o Supremo, usando a institui\u00e7\u00e3o como escudo, como se a parte fosse o todo. Lembram velhos coron\u00e9is bradando \u201cMinas n\u00e3o tolerar\u00e1 essa afronta\u201d ou \u201co Cear\u00e1 n\u00e3o se curvar\u00e1\u201d como se fossem o Estado a servi\u00e7o da sua vontade. \u00c9 piada.\n<\/p>\n<p>\nGritar \u201cViva o Supremo e fora Toffoli\u201d \u00e9 crime ?\n<\/p>\n<\/div>\n<p><br \/>\n<br \/><a href=\"https:\/\/oglobo.globo.com\/opiniao\/a-parte-o-todo-23609677\">Fonte do Artigo <\/a><\/p>\n","protected":false},"excerpt":{"rendered":"<p>O ministro Dias Toffoli foi t\u00e3o bom advogado do PT nas elei\u00e7\u00f5es de 2002 que foi chamado para servir a Jos\u00e9 Dirceu na Casa Civil e, depois, indicado por Lula e Dirceu, foi al\u00e7ado \u00e0 Advocacia-Geral da Uni\u00e3o e finalmente ao Supremo. \u00c9 fato. Na \u00e9poca, soube-se que Toffoli tinha sido reprovado duas vezes no [&hellip;]<\/p>\n","protected":false},"author":1,"featured_media":0,"comment_status":"open","ping_status":"open","sticky":false,"template":"","format":"standard","meta":{"footnotes":""},"categories":[337],"tags":[],"class_list":["post-18313","post","type-post","status-publish","format-standard","hentry","category-noticias"],"_links":{"self":[{"href":"https:\/\/wiy.com.br\/noticias\/wp-json\/wp\/v2\/posts\/18313","targetHints":{"allow":["GET"]}}],"collection":[{"href":"https:\/\/wiy.com.br\/noticias\/wp-json\/wp\/v2\/posts"}],"about":[{"href":"https:\/\/wiy.com.br\/noticias\/wp-json\/wp\/v2\/types\/post"}],"author":[{"embeddable":true,"href":"https:\/\/wiy.com.br\/noticias\/wp-json\/wp\/v2\/users\/1"}],"replies":[{"embeddable":true,"href":"https:\/\/wiy.com.br\/noticias\/wp-json\/wp\/v2\/comments?post=18313"}],"version-history":[{"count":0,"href":"https:\/\/wiy.com.br\/noticias\/wp-json\/wp\/v2\/posts\/18313\/revisions"}],"wp:attachment":[{"href":"https:\/\/wiy.com.br\/noticias\/wp-json\/wp\/v2\/media?parent=18313"}],"wp:term":[{"taxonomy":"category","embeddable":true,"href":"https:\/\/wiy.com.br\/noticias\/wp-json\/wp\/v2\/categories?post=18313"},{"taxonomy":"post_tag","embeddable":true,"href":"https:\/\/wiy.com.br\/noticias\/wp-json\/wp\/v2\/tags?post=18313"}],"curies":[{"name":"wp","href":"https:\/\/api.w.org\/{rel}","templated":true}]}}