{"id":18134,"date":"2023-02-26T15:21:54","date_gmt":"2023-02-26T18:21:54","guid":{"rendered":"https:\/\/wiy.com.br\/noticias\/reajuste-divide-caminhoneiros-e-parte-da-categoria-ameaca-greve\/"},"modified":"2019-04-18T07:58:34","modified_gmt":"2019-04-18T10:58:34","slug":"reajuste-divide-caminhoneiros-e-parte-da-categoria-ameaca-greve","status":"publish","type":"post","link":"https:\/\/wiy.com.br\/noticias\/reajuste-divide-caminhoneiros-e-parte-da-categoria-ameaca-greve\/","title":{"rendered":"Reajuste divide caminhoneiros e parte da categoria amea\u00e7a greve"},"content":{"rendered":"<p> <br \/>\n<\/p>\n<div id=\"\">\n<h2 class=\"article-subtitle\">A ala mais radical j\u00e1 se articula para uma paralisa\u00e7\u00e3o nos pr\u00f3ximos dez dias, mas tamb\u00e9m h\u00e1 a turma do &#8220;deixa disso&#8221; <\/h2>\n<p>Por<br \/>\n                              <span>Estad\u00e3o Conte\u00fado<\/span>                          <\/p>\n<p>\n              <i class=\"material-icons\">access_time<\/i><br \/>\n              <span><br \/>\n                18 abr 2019, 07h15              <\/span>\n            <\/p>\n<\/p><\/div>\n<div id=\"\">\n<div class=\"featured-image\">\n<div class=\"image\">\n              <img decoding=\"async\" src=\"https:\/\/abrilexame.files.wordpress.com\/2019\/02\/carta-1-1.jpg\" class=\"abril-image optimized lazyload\" abril-data-id=\"3356687\"  alt = \"carta-1-1 Reajuste divide caminhoneiros e parte da categoria amea\u00e7a greve\"title = \"[Tags]\"\/><\/div>\n<p class=\"caption\">Greve dos caminhoneiros: eleva\u00e7\u00e3o em R$ 0,10 o litro do diesel deixou os motoristas divididos\u00a0(Nelson Almeida\/AFP Photo)<\/p>\n<\/p><\/div>\n<p>S\u00e3o Paulo \u2013 O an\u00fancio da alta do diesel na noite dessa quarta-feira (17), foi mais um rev\u00e9s sofrido pelos caminhoneiros nesta semana. Depois do pacote de medidas que frustrou a categoria, a decis\u00e3o da <a href=\"https:\/\/exame.abril.com.br\/noticias-sobre\/petrobras\"><strong>Petrobras<\/strong><\/a> de elevar em R$ 0,10 o litro do diesel deixou os motoristas divididos.<\/p>\n<p>A ala mais radical j\u00e1 se articula para uma paralisa\u00e7\u00e3o nos pr\u00f3ximos dez dias. Mas tamb\u00e9m h\u00e1 a turma do \u201cdeixa disso\u201d e que prefere esperar mais.<\/p>\n<p>O caminhoneiro Wanderlei Alves, conhecido como Dedeco, diz que n\u00e3o tem outra alternativa a n\u00e3o ser decretar uma greve. \u201cO governo pagou para ver. Agora s\u00f3 estamos vendo a data, mas ser\u00e1 em menos de dez dias.\u201d Ele destaca que a conta n\u00e3o fecha j\u00e1 que o pre\u00e7o do frete continua igual e os custos, subindo. Para quem gasta 10 mil litros de diesel, o aumento dessa quarta representa R$ 1 mil no bolso do caminhoneiro, como \u00e9 o caso de Dedeco. \u201cO governo insiste em tratar do setor com quem n\u00e3o tem caminh\u00e3o\u201d, critica Dedeco, uma das lideran\u00e7as nacionais.<\/p>\n<p>Em mensagem enviada ao ministro-chefe da Casa Civil, Onyx Lorenzoni, o caminhoneiro Josu\u00e9 Rodrigues, um dos l\u00edderes na Regi\u00e3o Norte, tamb\u00e9m amea\u00e7a nova greve para o m\u00eas que vem caso o pre\u00e7o n\u00e3o seja congelado e o tabelamento do frete n\u00e3o seja respeitado. \u201cSe n\u00e3o fizer valer o piso m\u00ednimo do frete, n\u00f3s vamos parar, n\u00e3o tem jeito. Se n\u00e3o agir antes do dia 21 de maio vai ter uma paralisa\u00e7\u00e3o sangrenta, pode ter certeza.\u201d<\/p>\n<p>Outros representantes, no entanto, tentam apaziguar a situa\u00e7\u00e3o. Alguns n\u00e3o acreditam em nova paralisa\u00e7\u00e3o por causa da situa\u00e7\u00e3o financeira prec\u00e1ria da categoria. \u201cEst\u00e1 todo mundo quebrado\u201d, afirma Bruno Tagliari, uma das lideran\u00e7as do Sul. Ele afirma que, no seu caso, se fizer uma paralisa\u00e7\u00e3o n\u00e3o conseguiria pagar a despesa fixa, de R$ 6 mil por m\u00eas.<\/p>\n<p>Mas, apesar da frustra\u00e7\u00e3o, tamb\u00e9m h\u00e1 boa vontade por parte por parte dos caminhoneiros em dar mais tempo para o novo governo, afirma Ivar Luiz Schmidt, um dos l\u00edderes do Comando Nacional do Transporte (CNT) no Nordeste. A maioria votou em Jair Bolsonaro para presidente, e ainda espera que ele fa\u00e7a alguma coisa pelos motoristas. Mas paci\u00eancia tem limite, avisam os caminhoneiros nas redes sociais.<\/p>\n<p>Dentro dos grupos de WhatsApp, as medidas dos \u00faltimos dias s\u00e3o vistas como resultado da fragilidade da categoria, que n\u00e3o se valoriza. Outra reclama\u00e7\u00e3o tem sido latente entre eles: a insatisfa\u00e7\u00e3o quanto \u00e0 representatividade da categoria em Bras\u00edlia. Muitos tentam se articular para conseguir colocar outras lideran\u00e7as no Planalto e emplacar as reais reivindica\u00e7\u00f5es. Wallace Landim, o Chor\u00e3o, que j\u00e1 n\u00e3o era unanimidade, hoje vive momento de rejei\u00e7\u00e3o.<\/p>\n<p>\u00a0<\/p>\n<\/p><\/div>\n<p><script type=\"text\/javascript\">(function(d){var id=\"facebook-jssdk\";if(!d.getElementById(id)){var js=d.createElement(\"script\"),ref=d.getElementsByTagName(\"script\")[0];js.id=id,js.async=true,js.src=\"https:\/\/connect.facebook.net\/pt_BR\/all.js\",ref.parentNode.insertBefore(js,ref)}})(document)<\/script><br \/>\n<br \/><br \/>\n<br \/><a href=\"https:\/\/exame.abril.com.br\/economia\/reajuste-divide-caminhoneiros-e-parte-da-categoria-ameaca-greve\/\">Fonte do Artigo <\/a><\/p>\n","protected":false},"excerpt":{"rendered":"<p>A ala mais radical j\u00e1 se articula para uma paralisa\u00e7\u00e3o nos pr\u00f3ximos dez dias, mas tamb\u00e9m h\u00e1 a turma do &#8220;deixa disso&#8221; Por Estad\u00e3o Conte\u00fado access_time 18 abr 2019, 07h15 Greve dos caminhoneiros: eleva\u00e7\u00e3o em R$ 0,10 o litro do diesel deixou os motoristas divididos\u00a0(Nelson Almeida\/AFP Photo) S\u00e3o Paulo \u2013 O an\u00fancio da alta do [&hellip;]<\/p>\n","protected":false},"author":1,"featured_media":18135,"comment_status":"open","ping_status":"open","sticky":false,"template":"","format":"standard","meta":{"footnotes":""},"categories":[337],"tags":[],"class_list":["post-18134","post","type-post","status-publish","format-standard","has-post-thumbnail","hentry","category-noticias"],"_links":{"self":[{"href":"https:\/\/wiy.com.br\/noticias\/wp-json\/wp\/v2\/posts\/18134","targetHints":{"allow":["GET"]}}],"collection":[{"href":"https:\/\/wiy.com.br\/noticias\/wp-json\/wp\/v2\/posts"}],"about":[{"href":"https:\/\/wiy.com.br\/noticias\/wp-json\/wp\/v2\/types\/post"}],"author":[{"embeddable":true,"href":"https:\/\/wiy.com.br\/noticias\/wp-json\/wp\/v2\/users\/1"}],"replies":[{"embeddable":true,"href":"https:\/\/wiy.com.br\/noticias\/wp-json\/wp\/v2\/comments?post=18134"}],"version-history":[{"count":0,"href":"https:\/\/wiy.com.br\/noticias\/wp-json\/wp\/v2\/posts\/18134\/revisions"}],"wp:featuredmedia":[{"embeddable":true,"href":"https:\/\/wiy.com.br\/noticias\/wp-json\/wp\/v2\/media\/18135"}],"wp:attachment":[{"href":"https:\/\/wiy.com.br\/noticias\/wp-json\/wp\/v2\/media?parent=18134"}],"wp:term":[{"taxonomy":"category","embeddable":true,"href":"https:\/\/wiy.com.br\/noticias\/wp-json\/wp\/v2\/categories?post=18134"},{"taxonomy":"post_tag","embeddable":true,"href":"https:\/\/wiy.com.br\/noticias\/wp-json\/wp\/v2\/tags?post=18134"}],"curies":[{"name":"wp","href":"https:\/\/api.w.org\/{rel}","templated":true}]}}