{"id":17982,"date":"2023-02-26T15:02:22","date_gmt":"2023-02-26T18:02:22","guid":{"rendered":"https:\/\/wiy.com.br\/noticias\/atriz-de-game-of-thrones-comenta-sobre-depressao-e-pensamentos-suicidas\/"},"modified":"2019-04-17T16:36:56","modified_gmt":"2019-04-17T19:36:56","slug":"atriz-de-game-of-thrones-comenta-sobre-depressao-e-pensamentos-suicidas","status":"publish","type":"post","link":"https:\/\/wiy.com.br\/noticias\/atriz-de-game-of-thrones-comenta-sobre-depressao-e-pensamentos-suicidas\/","title":{"rendered":"Atriz de \u201cGame of Thrones\u201d comenta sobre depress\u00e3o e pensamentos suic\u00eddas"},"content":{"rendered":"<p> <br \/>\n<\/p>\n<div id=\"\">\n<h2 class=\"article-subtitle\">Sophie Turner, a Sansa Stark de Game of Thrones, revelou que enfrentou uma depress\u00e3o de quase seis anos durante a adolesc\u00eancia<\/h2>\n<p>Por<br \/>\n                              <span>EFE<\/span>                          <\/p>\n<p>\n              <i class=\"material-icons\">access_time<\/i><br \/>\n              <span><br \/>\n                17 abr 2019, 16h28 &#8211; Publicado em 17 abr 2019, 16h27              <\/span>\n            <\/p>\n<\/p><\/div>\n<div id=\"\">\n<div class=\"featured-image\">\n<div class=\"image\">\n              <img decoding=\"async\" src=\"https:\/\/abrilexame.files.wordpress.com\/2016\/09\/size_960_16_9_20151019-14270-1xklbg8.jpg\" class=\"abril-image optimized lazyload\" abril-data-id=\"3356061\"  alt = \"size_960_16_9_20151019-14270-1xklbg8 Atriz de \u201cGame of Thrones\u201d comenta sobre depress\u00e3o e pensamentos suic\u00eddas\"title = \"[Tags]\"\/><\/div>\n<p class=\"caption\">SOPHIE TURNER: &#8220;N\u00e3o tinha motiva\u00e7\u00e3o para fazer nada ou sair. Inclusive com meus melhores amigos, eu chorava, chorava e chorava&#8221;\u00a0(Getty Images\/Getty Images)<\/p>\n<\/p><\/div>\n<p>Nova York \u2014 A atriz Sophie Turner, que interpreta Sansa Stark em <strong><a href=\"https:\/\/exame.abril.com.br\/noticias-sobre\/game-of-thrones\/\" target=\"_blank\" rel=\"noopener noreferrer\">Game of Thrones<\/a><\/strong>\u201c, revelou nesta quarta-feira que enfrentou uma depress\u00e3o de quase seis anos durante a adolesc\u00eancia, provocada pela superexposi\u00e7\u00e3o \u00e0 qual era submetida pelo sucesso da s\u00e9rie, e que chegou a pensar v\u00e1rias vezes em se suicidar.<\/p>\n<p>A jovem, de 23 anos, e que est\u00e1 h\u00e1 oito anos interpretando o papel no programa da \u201cHBO\u201d, afirmou em um epis\u00f3dio do podcast do apresentador Dr. Phil McGraw que, embora negasse a depress\u00e3o, costumava pensar em suic\u00eddio quando era muito mais nova.<\/p>\n<p>\u201cEu n\u00e3o sei por que (pensava no suic\u00eddio). Talvez fosse s\u00f3 uma estranha fascina\u00e7\u00e3o, mas sim, eu pensava nisso\u201d, revelou.<\/p>\n<p>A atriz disse acreditar que os pensamentos eram parte do sintoma da profunda depress\u00e3o que ela sofreu enquanto gravava a s\u00e9rie, o que impediu que tivesse uma adolesc\u00eancia normal.<\/p>\n<p>\u201cN\u00e3o podia acreditar que me pagariam para trabalhar em \u2018Game of Thrones\u2019. Tudo era incr\u00edvel, mas come\u00e7ou a ir ladeira abaixo quando cheguei na puberdade e, aos 17 anos, meu metabolismo desacelerou muito e eu comecei a engordar\u201d, disse Turner.<\/p>\n<p>Al\u00e9m disso, a superexposi\u00e7\u00e3o midi\u00e1tica e a press\u00e3o das redes sociais piorou a depress\u00e3o que a atriz sentia. \u201cVoc\u00ea v\u00ea dez coment\u00e1rios bons e os ignora, mas um negativo te destr\u00f3i\u201d, afirmou.<\/p>\n<p>Turner disse que se sentia sozinha em um momento no qual todos os seus amigos estavam na universidade enquanto ela seguia vivendo com os pais e trabalhando na s\u00e9rie da HBO.<\/p>\n<p>\u201cN\u00e3o tinha motiva\u00e7\u00e3o para fazer nada ou sair. Inclusive com meus melhores amigos, eu chorava, chorava e chorava\u201d, contou.<\/p>\n<p>A atriz continua lutando contra a depress\u00e3o e ainda sofre para sair de casa todos os dias. Em um relacionamento com o cantor Joe Jones, Turner disse que foi bastante complicado aprender a amar enquanto tenta lidar com a doen\u00e7a.<\/p>\n<p>\u201cO tratamento e a medica\u00e7\u00e3o fazem com que eu me sinta muito melhor. Gosto muito mais de mim do que costumava gostar. Estou com algu\u00e9m que faz me dar conta que tenho algumas qualidades que me redimem, eu acho\u201d, disse a atriz.<\/p>\n<\/p><\/div>\n<p><script type=\"text\/javascript\">(function(d){var id=\"facebook-jssdk\";if(!d.getElementById(id)){var js=d.createElement(\"script\"),ref=d.getElementsByTagName(\"script\")[0];js.id=id,js.async=true,js.src=\"https:\/\/connect.facebook.net\/pt_BR\/all.js\",ref.parentNode.insertBefore(js,ref)}})(document)<\/script><br \/>\n<br \/><br \/>\n<br \/><a href=\"https:\/\/exame.abril.com.br\/estilo-de-vida\/atriz-de-game-of-thrones-comenta-sobre-depressao-e-pensamentos-suicidas\/\">Fonte do Artigo <\/a><\/p>\n","protected":false},"excerpt":{"rendered":"<p>Sophie Turner, a Sansa Stark de Game of Thrones, revelou que enfrentou uma depress\u00e3o de quase seis anos durante a adolesc\u00eancia Por EFE access_time 17 abr 2019, 16h28 &#8211; Publicado em 17 abr 2019, 16h27 SOPHIE TURNER: &#8220;N\u00e3o tinha motiva\u00e7\u00e3o para fazer nada ou sair. Inclusive com meus melhores amigos, eu chorava, chorava e chorava&#8221;\u00a0(Getty [&hellip;]<\/p>\n","protected":false},"author":1,"featured_media":17983,"comment_status":"open","ping_status":"open","sticky":false,"template":"","format":"standard","meta":{"footnotes":""},"categories":[337],"tags":[],"class_list":["post-17982","post","type-post","status-publish","format-standard","has-post-thumbnail","hentry","category-noticias"],"_links":{"self":[{"href":"https:\/\/wiy.com.br\/noticias\/wp-json\/wp\/v2\/posts\/17982","targetHints":{"allow":["GET"]}}],"collection":[{"href":"https:\/\/wiy.com.br\/noticias\/wp-json\/wp\/v2\/posts"}],"about":[{"href":"https:\/\/wiy.com.br\/noticias\/wp-json\/wp\/v2\/types\/post"}],"author":[{"embeddable":true,"href":"https:\/\/wiy.com.br\/noticias\/wp-json\/wp\/v2\/users\/1"}],"replies":[{"embeddable":true,"href":"https:\/\/wiy.com.br\/noticias\/wp-json\/wp\/v2\/comments?post=17982"}],"version-history":[{"count":0,"href":"https:\/\/wiy.com.br\/noticias\/wp-json\/wp\/v2\/posts\/17982\/revisions"}],"wp:featuredmedia":[{"embeddable":true,"href":"https:\/\/wiy.com.br\/noticias\/wp-json\/wp\/v2\/media\/17983"}],"wp:attachment":[{"href":"https:\/\/wiy.com.br\/noticias\/wp-json\/wp\/v2\/media?parent=17982"}],"wp:term":[{"taxonomy":"category","embeddable":true,"href":"https:\/\/wiy.com.br\/noticias\/wp-json\/wp\/v2\/categories?post=17982"},{"taxonomy":"post_tag","embeddable":true,"href":"https:\/\/wiy.com.br\/noticias\/wp-json\/wp\/v2\/tags?post=17982"}],"curies":[{"name":"wp","href":"https:\/\/api.w.org\/{rel}","templated":true}]}}