{"id":17976,"date":"2023-02-26T15:15:58","date_gmt":"2023-02-26T18:15:58","guid":{"rendered":"https:\/\/wiy.com.br\/noticias\/enviado-de-guaido-ocupa-assento-da-venezuela-na-oea-pela-1a-vez\/"},"modified":"2019-04-17T16:14:59","modified_gmt":"2019-04-17T19:14:59","slug":"enviado-de-guaido-ocupa-assento-da-venezuela-na-oea-pela-1a-vez","status":"publish","type":"post","link":"https:\/\/wiy.com.br\/noticias\/enviado-de-guaido-ocupa-assento-da-venezuela-na-oea-pela-1a-vez\/","title":{"rendered":"Enviado de Guaid\u00f3 ocupa assento da Venezuela na OEA pela 1\u00aa vez"},"content":{"rendered":"<p> <br \/>\n<\/p>\n<p>Washington \u2014 Escolhido pelo opositor Juan Guaid\u00f3, l\u00edder do Parlamento da Venezuela e autoproclamado presidente do pa\u00eds, como representante venezuelano na Organiza\u00e7\u00e3o de Estados Americanos (OEA), Gustavo Tarr\u00e9 participou de uma reuni\u00e3o do grupo pela primeira vez nesta quarta-feira.<\/p>\n<p>Tarr\u00e9 ocupou a cadeira da Venezuela durante uma sess\u00e3o protocolar do Conselho Permanente da OEA destinada a receber o presidente do Equador, Len\u00edn Moreno.<\/p>\n<p>No Twitter, o representante, que assumiu como embaixador designado pelo Parlamento h\u00e1 uma semana, publicou uma foto na qual est\u00e1 sentado na cadeira com o letreiro com o nome do pa\u00eds e uma pequena bandeira venezuelana.<\/p>\n<p>&#8220;J\u00e1 sentado na cadeira da Venezuela representando o povo democr\u00e1tico do nosso pa\u00eds&#8221;, escreveu na rede social.<\/p>\n<p>Advogado de profiss\u00e3o, Tarr\u00e9 tem a companhia da equipe formada por Mar\u00eda Alexandra Sanglade, renomada ministra conselheira e Rafael Castillo, primeiro-secret\u00e1rio e jornalista de profiss\u00e3o.<\/p>\n<p>O Conselho Permanente da OEA aprovou no \u00faltimo dia 9 uma resolu\u00e7\u00e3o atrav\u00e9s da qual aceita a nomea\u00e7\u00e3o do advogado como representante permanente da Venezuela, &#8220;ap\u00f3s ter sido escolhido pela Assembleia Nacional, at\u00e9 que sejam realizadas novas elei\u00e7\u00f5es e ocorra a nomea\u00e7\u00e3o de um governo democraticamente eleito&#8221;.<\/p>\n<p>O texto identifica Tarr\u00e9 como representante da Assembleia Nacional, presidida por Guaid\u00f3, e n\u00e3o menciona a Venezuela, mas os pa\u00edses que aprovaram a resolu\u00e7\u00e3o e a Secretaria Geral da OEA o interpretaram como um reconhecimento para que possa exercer o cargo de embaixador.<\/p>\n<p>Os diplomatas venezuelanos fi\u00e9is ao presidente da Venezuela, Nicol\u00e1s Maduro, n\u00e3o estiveram na reuni\u00e3o de hoje. No entanto, defenderam que a cadeira da Venezuela lhes pertence at\u00e9 o pr\u00f3ximo dia 27, quando ser\u00e1 consumada a solicita\u00e7\u00e3o feita pelo governo h\u00e1 dois anos para sair da organiza\u00e7\u00e3o.<\/p>\n<p>A OEA declarou ileg\u00edtima a posse de Maduro em 10 de janeiro, mas n\u00e3o aprovou resolu\u00e7\u00e3o alguma que especificamente reconhe\u00e7a Guaid\u00f3 como presidente da Venezuela.<\/p>\n<p><br \/>\n<br \/><a href=\"https:\/\/exame.abril.com.br\/mundo\/enviado-de-guaido-ocupa-assento-da-venezuela-na-oea-pela-1a-vez\/\">Fonte do Artigo <\/a><\/p>\n<p>#noticias #news #o #brasil #venezuela #n #jornalismo #a #love #like #bbb #musica #colombia #tv #blog #fofoca #mexico #gay #caracas #saopaulo #instagram #follow #not #cias #famosos #m #brazil #politica #pol #jeansobrinho<\/p>\n","protected":false},"excerpt":{"rendered":"<p>Washington \u2014 Escolhido pelo opositor Juan Guaid\u00f3, l\u00edder do Parlamento da Venezuela e autoproclamado presidente do pa\u00eds, como representante venezuelano na Organiza\u00e7\u00e3o de Estados Americanos (OEA), Gustavo Tarr\u00e9 participou de uma reuni\u00e3o do grupo pela primeira vez nesta quarta-feira. Tarr\u00e9 ocupou a cadeira da Venezuela durante uma sess\u00e3o protocolar do Conselho Permanente da OEA destinada [&hellip;]<\/p>\n","protected":false},"author":1,"featured_media":14421,"comment_status":"open","ping_status":"open","sticky":false,"template":"","format":"standard","meta":{"footnotes":""},"categories":[339],"tags":[],"class_list":["post-17976","post","type-post","status-publish","format-standard","has-post-thumbnail","hentry","category-negocios"],"_links":{"self":[{"href":"https:\/\/wiy.com.br\/noticias\/wp-json\/wp\/v2\/posts\/17976","targetHints":{"allow":["GET"]}}],"collection":[{"href":"https:\/\/wiy.com.br\/noticias\/wp-json\/wp\/v2\/posts"}],"about":[{"href":"https:\/\/wiy.com.br\/noticias\/wp-json\/wp\/v2\/types\/post"}],"author":[{"embeddable":true,"href":"https:\/\/wiy.com.br\/noticias\/wp-json\/wp\/v2\/users\/1"}],"replies":[{"embeddable":true,"href":"https:\/\/wiy.com.br\/noticias\/wp-json\/wp\/v2\/comments?post=17976"}],"version-history":[{"count":0,"href":"https:\/\/wiy.com.br\/noticias\/wp-json\/wp\/v2\/posts\/17976\/revisions"}],"wp:featuredmedia":[{"embeddable":true,"href":"https:\/\/wiy.com.br\/noticias\/wp-json\/wp\/v2\/media\/14421"}],"wp:attachment":[{"href":"https:\/\/wiy.com.br\/noticias\/wp-json\/wp\/v2\/media?parent=17976"}],"wp:term":[{"taxonomy":"category","embeddable":true,"href":"https:\/\/wiy.com.br\/noticias\/wp-json\/wp\/v2\/categories?post=17976"},{"taxonomy":"post_tag","embeddable":true,"href":"https:\/\/wiy.com.br\/noticias\/wp-json\/wp\/v2\/tags?post=17976"}],"curies":[{"name":"wp","href":"https:\/\/api.w.org\/{rel}","templated":true}]}}