{"id":17879,"date":"2023-02-26T15:33:48","date_gmt":"2023-02-26T18:33:48","guid":{"rendered":"https:\/\/wiy.com.br\/noticias\/cerebro-pode-ser-treinado-para-curar-doencas-revela-estudo\/"},"modified":"2019-04-17T08:26:17","modified_gmt":"2019-04-17T11:26:17","slug":"cerebro-pode-ser-treinado-para-curar-doencas-revela-estudo","status":"publish","type":"post","link":"https:\/\/wiy.com.br\/noticias\/cerebro-pode-ser-treinado-para-curar-doencas-revela-estudo\/","title":{"rendered":"C\u00e9rebro pode ser treinado para curar doen\u00e7as, revela estudo"},"content":{"rendered":"<p> <br \/>\n<\/p>\n<div id=\"\">\n<h2 class=\"article-subtitle\">Cientistas brasileiros acabam de apresentar uma t\u00e9cnica de treinamento cerebral capaz de modificar as conex\u00f5es neuronais em tempo recorde<\/h2>\n<p>Por<br \/>\n                              <span>Estad\u00e3o Conte\u00fado<\/span>                          <\/p>\n<p>\n              <i class=\"material-icons\">access_time<\/i><br \/>\n              <span><br \/>\n                17 abr 2019, 08h15              <\/span>\n            <\/p>\n<\/p><\/div>\n<div id=\"\">\n<div class=\"featured-image\">\n<div class=\"image\">\n              <img decoding=\"async\" src=\"https:\/\/abrilexame.files.wordpress.com\/2018\/03\/cerebro-humano-thinkstock.png\" class=\"abril-image optimized lazyload\" abril-data-id=\"3355183\"  alt = \"cerebro-humano-thinkstock C\u00e9rebro pode ser treinado para curar doen\u00e7as, revela estudo\"title = \"[Tags]\"\/><\/div>\n<p class=\"caption\">C\u00e9rebro: mudan\u00e7as na forma como ele funciona e conecta suas diferentes \u00e1reas s\u00e3o as bases do aprendizado e da mem\u00f3ria\u00a0(iLexx\/Thinkstock)<\/p>\n<\/p><\/div>\n<p>Rio de Janeiro \u2013 O c\u00e9rebro pode ser treinado para curar as doen\u00e7as que o acometem. Cientistas brasileiros acabam de apresentar uma t\u00e9cnica de treinamento cerebral capaz de modificar as conex\u00f5es neuronais em tempo recorde. O trabalho, publicado na Neuroimage, abre o caminho para novos tratamentos para o <a href=\"https:\/\/exame.abril.com.br\/noticias-sobre\/avc\/\"><strong>acidente vascular cerebral (AVC)<\/strong><\/a>, a<strong><a href=\"https:\/\/exame.abril.com.br\/noticias-sobre\/doenca-de-parkinson\/\"> doen\u00e7a de Parkinson<\/a><\/strong> e at\u00e9 a <strong><a href=\"https:\/\/exame.abril.com.br\/noticias-sobre\/depressao\">depress\u00e3o<\/a><\/strong>.<\/p>\n<p>O c\u00e9rebro se adapta a todo momento \u2013 um fen\u00f4meno conhecido como neuroplasticidade. Essas mudan\u00e7as na forma como funciona e conecta suas diferentes \u00e1reas s\u00e3o as bases do aprendizado e da mem\u00f3ria.<\/p>\n<p>Entender melhor essas intera\u00e7\u00f5es permite o avan\u00e7o na compreens\u00e3o do comportamento humano, das emo\u00e7\u00f5es e tamb\u00e9m das doen\u00e7as que acometem o c\u00e9rebro. \u201cTudo o que a gente \u00e9, faz, sente, todo o nosso comportamento \u00e9 reflexo da maneira como o nosso c\u00e9rebro funciona\u201d, explica o neurocientista Theo Marins, um dos autores do estudo.<\/p>\n<p>Algumas doen\u00e7as, segundo o especialista, alteram esse funcionamento. E o c\u00e9rebro passa a funcionar de maneira doente. \u201cEnsinar\u201d o c\u00e9rebro a funcionar de maneira correta pode melhorar os sintomas de v\u00e1rias doen\u00e7as.<\/p>\n<p>Uma das ferramentas que vem sendo utilizadas para compreender melhor essas din\u00e2micas \u00e9 o neurofeedback. Assim \u00e9 chamado o treinamento do c\u00e9rebro para modificar determinadas conex\u00f5es. O estudo dos neurocientistas do Instituto IDOR de Ensino e Pesquisa e da UFRJ mostrou que o treinamento \u00e9 capaz de induzir essas modifica\u00e7\u00f5es em menos de uma hora.<\/p>\n<p>Para fazer o trabalho, os cientistas contaram com 36 volunt\u00e1rios que se submeteram a exames de resson\u00e2ncia magn\u00e9tica. A atividade neuronal captada no exame \u00e9 transformada em imagens apresentadas em computadores de acordo com a intensidade. Os volunt\u00e1rios acompanhavam as imagens em tempo real, aprendendo a controlar a pr\u00f3pria atividade cerebral.<\/p>\n<p>Enquanto 19 participantes receberam o treinamento real, outros 17 foram instru\u00eddos com falsa informa\u00e7\u00e3o \u2013 o que funcionou como uma esp\u00e9cie de placebo. Antes e depois do treino, os pesquisadores registraram as imagens cerebrais que permitiam medir a comunica\u00e7\u00e3o (a conectividade funcional) e as conex\u00f5es (a conectividade estrutural) entre as \u00e1reas cerebrais. O objetivo era observar como as redes neurais eram afetadas pelo neurofeedback.<\/p>\n<h3><strong>Antes e depois<\/strong><\/h3>\n<p>Ao comparar a arquitetura cerebral antes e depois do treinamento, os cientistas constataram que o corpo caloso (a principal ponte de comunica\u00e7\u00e3o entre os hemisf\u00e9rios esquerdo e direito) apresentou maior robustez estrutural. Al\u00e9m disso, a comunica\u00e7\u00e3o funcional entre as \u00e1reas tamb\u00e9m aumentou. Para os pesquisadores, \u00e9 como se o todo o sistema tivesse se fortalecido.<\/p>\n<p>\u201cSab\u00edamos que o c\u00e9rebro tem uma capacidade fant\u00e1stica de modifica\u00e7\u00e3o. Mas n\u00e3o t\u00ednhamos tanta certeza de que era poss\u00edvel observar isso t\u00e3o rapidamente\u201d, conta Marins.<\/p>\n<p>Desta forma, o treinamento cerebral se revelou uma ferramenta poderosa para induzir a neuroplasticidade. Agora, os pesquisadores esperam utiliz\u00e1-lo para promover as mudan\u00e7as necess\u00e1rias para recupera\u00e7\u00e3o da fun\u00e7\u00e3o motora em pacientes que sofreram um AVC, que foram diagnosticados com Parkinson e mesmo com depress\u00e3o.<\/p>\n<p>\u201cO pr\u00f3ximo passo ser\u00e1 descobrir se pacientes que sofrem de desordens neurol\u00f3gicas tamb\u00e9m podem se beneficiar do neurofeedback, se ele \u00e9 capaz de diminuir os sintomas dessas doen\u00e7as\u201d, disse a m\u00e9dica radiologista Fernanda Tovar Moll, presidente do IDOR. \u201cAinda falta muito para chegarmos a protocolos espec\u00edficos. Quanto mais entendermos os mecanismos, mais terapias poderemos desenvolver.\u201d<\/p>\n<\/p><\/div>\n<p><script type=\"text\/javascript\">(function(d){var id=\"facebook-jssdk\";if(!d.getElementById(id)){var js=d.createElement(\"script\"),ref=d.getElementsByTagName(\"script\")[0];js.id=id,js.async=true,js.src=\"https:\/\/connect.facebook.net\/pt_BR\/all.js\",ref.parentNode.insertBefore(js,ref)}})(document)<\/script><br \/>\n<br \/><br \/>\n<br \/><a href=\"https:\/\/exame.abril.com.br\/ciencia\/cerebro-pode-ser-treinado-para-curar-doencas-revela-estudo\/\">Fonte do Artigo <\/a><\/p>\n","protected":false},"excerpt":{"rendered":"<p>Cientistas brasileiros acabam de apresentar uma t\u00e9cnica de treinamento cerebral capaz de modificar as conex\u00f5es neuronais em tempo recorde Por Estad\u00e3o Conte\u00fado access_time 17 abr 2019, 08h15 C\u00e9rebro: mudan\u00e7as na forma como ele funciona e conecta suas diferentes \u00e1reas s\u00e3o as bases do aprendizado e da mem\u00f3ria\u00a0(iLexx\/Thinkstock) Rio de Janeiro \u2013 O c\u00e9rebro pode ser [&hellip;]<\/p>\n","protected":false},"author":1,"featured_media":17880,"comment_status":"open","ping_status":"open","sticky":false,"template":"","format":"standard","meta":{"footnotes":""},"categories":[337],"tags":[],"class_list":["post-17879","post","type-post","status-publish","format-standard","has-post-thumbnail","hentry","category-noticias"],"_links":{"self":[{"href":"https:\/\/wiy.com.br\/noticias\/wp-json\/wp\/v2\/posts\/17879","targetHints":{"allow":["GET"]}}],"collection":[{"href":"https:\/\/wiy.com.br\/noticias\/wp-json\/wp\/v2\/posts"}],"about":[{"href":"https:\/\/wiy.com.br\/noticias\/wp-json\/wp\/v2\/types\/post"}],"author":[{"embeddable":true,"href":"https:\/\/wiy.com.br\/noticias\/wp-json\/wp\/v2\/users\/1"}],"replies":[{"embeddable":true,"href":"https:\/\/wiy.com.br\/noticias\/wp-json\/wp\/v2\/comments?post=17879"}],"version-history":[{"count":0,"href":"https:\/\/wiy.com.br\/noticias\/wp-json\/wp\/v2\/posts\/17879\/revisions"}],"wp:featuredmedia":[{"embeddable":true,"href":"https:\/\/wiy.com.br\/noticias\/wp-json\/wp\/v2\/media\/17880"}],"wp:attachment":[{"href":"https:\/\/wiy.com.br\/noticias\/wp-json\/wp\/v2\/media?parent=17879"}],"wp:term":[{"taxonomy":"category","embeddable":true,"href":"https:\/\/wiy.com.br\/noticias\/wp-json\/wp\/v2\/categories?post=17879"},{"taxonomy":"post_tag","embeddable":true,"href":"https:\/\/wiy.com.br\/noticias\/wp-json\/wp\/v2\/tags?post=17879"}],"curies":[{"name":"wp","href":"https:\/\/api.w.org\/{rel}","templated":true}]}}