{"id":17875,"date":"2023-02-26T15:27:43","date_gmt":"2023-02-26T18:27:43","guid":{"rendered":"https:\/\/wiy.com.br\/noticias\/editora-pede-a-fux-suspensao-de-censura-e-depoimentos-de-jornalistas\/"},"modified":"2019-04-17T08:06:27","modified_gmt":"2019-04-17T11:06:27","slug":"editora-pede-a-fux-suspensao-de-censura-e-depoimentos-de-jornalistas","status":"publish","type":"post","link":"https:\/\/wiy.com.br\/noticias\/editora-pede-a-fux-suspensao-de-censura-e-depoimentos-de-jornalistas\/","title":{"rendered":"Editora pede a Fux suspens\u00e3o de censura e depoimentos de jornalistas"},"content":{"rendered":"<p> <br \/>\n<\/p>\n<p>S\u00e3o Paulo e Bras\u00edlia &#8211; A editora Marce Clausum, respons\u00e1vel pelo site O <em>Antagonista<\/em> e a revista <em>Cruso\u00e9<\/em>, pediu, em reclama\u00e7\u00e3o, que o ministro Luiz Fux suspenda liminarmente a censura e os depoimentos de jornalistas dos ve\u00edculos. A publica\u00e7\u00e3o foi exclu\u00edda por decis\u00e3o do ministro Alexandre de Moraes, no \u00e2mbito de &#8220;inqu\u00e9rito da censura&#8221;, aberto sob o pretexto de investigar supostas fake news contra a Corte.<\/p>\n<p>Segundo os advogados da editora, h\u00e1 &#8220;n\u00edtida demonstra\u00e7\u00e3o do car\u00e1ter cens\u00f3rio&#8221; das decis\u00f5es, que &#8220;impedem o direito p\u00fablico de acesso \u00e0 informa\u00e7\u00e3o, acarretando em preju\u00edzo \u00e0 sociedade como um todo&#8221;.<\/p>\n<p>Nesta segunda-feira (15), o ministro Alexandre de Moraes determinou a retirada do ar de reportagem que cita e-mails da Odebrecht que mencionam o presidente do Supremo, Dias Toffoli. No mesmo dia, o ministro ainda mandou multar o ve\u00edculo em R$ 100 mil alegando o descumprimento da decis\u00e3o.<\/p>\n<p>No dia seguinte, ordenou buscas e apreens\u00f5es contra investigados. Ainda nesta ter\u00e7a-feira, 16, a procuradora-geral, Raquel Dodge, informou o Supremo Tribunal Federal que promoveu o arquivamento do inqu\u00e9rito. Horas depois, os ministros Dias Toffoli e Alexandre de Moraes determinaram a manuten\u00e7\u00e3o das investiga\u00e7\u00f5es e a prorroga\u00e7\u00e3o por mais 3 meses.<\/p>\n<p>De acordo com a editora,\u00e9 &#8220;inevit\u00e1vel deixar de se entender como um erro grave a determina\u00e7\u00e3o de exclus\u00e3o de mat\u00e9ria jornal\u00edstica da aprecia\u00e7\u00e3o p\u00fablica, ainda que relacionada a autoridade judici\u00e1ria, como \u00e9 o caso da decis\u00e3o reclamada, sendo certo que mat\u00e9ria jornal\u00edstica se limitou a divulgar a not\u00edcia que chegou ao seu conhecimento, sem qualquer termo ofensivo, tampouco emiss\u00e3o de ju\u00edzo de valor&#8221;.<\/p>\n<p>&#8220;Al\u00e9m disso, o tema da reportagem \u00e9 de interesse p\u00fablico, uma vez que revela informa\u00e7\u00f5es fornecidas por Marcelo Odebrecht, colaborador da opera\u00e7\u00e3o &#8216;Lava Jato&#8217;, sendo dever-direito dos meios de comunica\u00e7\u00e3o de divulgar fatos relevantes, independentemente, da pessoa retratada. E qualquer impedimento nesse sentido configura inquestion\u00e1vel censura, que tanto castigou nosso Pa\u00eds&#8221;, escreve.<\/p>\n<p>Os advogados lembram a Fux que se trata de &#8220;um risco inerente \u00e0 atividade de um agente p\u00fablico, especialmente dos agentes judici\u00e1rios, sendo que a repercuss\u00e3o de um dano a este tipo de pessoa \u00e9 menor do que uma pessoa que n\u00e3o possui tais caracter\u00edsticas, j\u00e1 que os agentes p\u00fablicos, est\u00e3o sujeitos a serem alvos de cr\u00edticas, devendo estar acostumados com tal condi\u00e7\u00e3o&#8221;.<\/p>\n<p>&#8220;Destaca-se, por derradeiro, que a manuten\u00e7\u00e3o da medida reclamada implica em cercear o acesso \u00e0 informa\u00e7\u00e3o de interesse p\u00fablico, o que constitui grave viola\u00e7\u00e3o \u00e0 liberdade de imprensa e ao direito dos cidad\u00e3os de tomar conhecimento de fatos relacionados a autoridades p\u00fablicas, ainda que judici\u00e1rias&#8221;.<\/p>\n<p>O ve\u00edculo ainda informa a Fux que &#8220;na calada da noite, recebeu a reda\u00e7\u00e3o do ve\u00edculo de comunica\u00e7\u00e3o, uma policial federal, intimando a Reclamante para pagar a multa por descumprimento&#8221;. &#8220;A situa\u00e7\u00e3o \u00e9 kafkiana, a ordem foi cumprida, e a refer\u00eancia ao<\/p>\n<p>descumprimento est\u00e1 inserida nos autos do Inqu\u00e9rito a que se nega acesso \u00e0 Reclamante&#8221;.<\/p>\n<p><br \/>\n<br \/><a href=\"https:\/\/exame.abril.com.br\/brasil\/editora-pede-a-fux-suspensao-de-censura-e-depoimentos-de-jornalistas\/\">Fonte do Artigo <\/a><\/p>\n<p>#noticias #news #o #brasil #venezuela #n #jornalismo #a #love #like #bbb #musica #colombia #tv #blog #fofoca #mexico #gay #caracas #saopaulo #instagram #follow #not #cias #famosos #m #brazil #politica #pol #jeansobrinho<\/p>\n","protected":false},"excerpt":{"rendered":"<p>S\u00e3o Paulo e Bras\u00edlia &#8211; A editora Marce Clausum, respons\u00e1vel pelo site O Antagonista e a revista Cruso\u00e9, pediu, em reclama\u00e7\u00e3o, que o ministro Luiz Fux suspenda liminarmente a censura e os depoimentos de jornalistas dos ve\u00edculos. A publica\u00e7\u00e3o foi exclu\u00edda por decis\u00e3o do ministro Alexandre de Moraes, no \u00e2mbito de &#8220;inqu\u00e9rito da censura&#8221;, aberto [&hellip;]<\/p>\n","protected":false},"author":1,"featured_media":17783,"comment_status":"open","ping_status":"open","sticky":false,"template":"","format":"standard","meta":{"footnotes":""},"categories":[339],"tags":[],"class_list":["post-17875","post","type-post","status-publish","format-standard","has-post-thumbnail","hentry","category-negocios"],"_links":{"self":[{"href":"https:\/\/wiy.com.br\/noticias\/wp-json\/wp\/v2\/posts\/17875","targetHints":{"allow":["GET"]}}],"collection":[{"href":"https:\/\/wiy.com.br\/noticias\/wp-json\/wp\/v2\/posts"}],"about":[{"href":"https:\/\/wiy.com.br\/noticias\/wp-json\/wp\/v2\/types\/post"}],"author":[{"embeddable":true,"href":"https:\/\/wiy.com.br\/noticias\/wp-json\/wp\/v2\/users\/1"}],"replies":[{"embeddable":true,"href":"https:\/\/wiy.com.br\/noticias\/wp-json\/wp\/v2\/comments?post=17875"}],"version-history":[{"count":0,"href":"https:\/\/wiy.com.br\/noticias\/wp-json\/wp\/v2\/posts\/17875\/revisions"}],"wp:featuredmedia":[{"embeddable":true,"href":"https:\/\/wiy.com.br\/noticias\/wp-json\/wp\/v2\/media\/17783"}],"wp:attachment":[{"href":"https:\/\/wiy.com.br\/noticias\/wp-json\/wp\/v2\/media?parent=17875"}],"wp:term":[{"taxonomy":"category","embeddable":true,"href":"https:\/\/wiy.com.br\/noticias\/wp-json\/wp\/v2\/categories?post=17875"},{"taxonomy":"post_tag","embeddable":true,"href":"https:\/\/wiy.com.br\/noticias\/wp-json\/wp\/v2\/tags?post=17875"}],"curies":[{"name":"wp","href":"https:\/\/api.w.org\/{rel}","templated":true}]}}