{"id":17750,"date":"2023-02-26T15:52:38","date_gmt":"2023-02-26T18:52:38","guid":{"rendered":"https:\/\/wiy.com.br\/noticias\/moraes-nega-determinacao-de-dodge-para-arquivar-inquerito-no-stf\/"},"modified":"2019-04-16T17:48:10","modified_gmt":"2019-04-16T20:48:10","slug":"moraes-nega-determinacao-de-dodge-para-arquivar-inquerito-no-stf","status":"publish","type":"post","link":"https:\/\/wiy.com.br\/noticias\/moraes-nega-determinacao-de-dodge-para-arquivar-inquerito-no-stf\/","title":{"rendered":"Moraes nega determina\u00e7\u00e3o de Dodge para arquivar inqu\u00e9rito no STF"},"content":{"rendered":"<p> <br \/>\n<\/p>\n<p>S\u00e3o Paulo \u2014 O ministro do Supremo Tribunal Federal (STF) Alexandre de Moraes decidiu nesta ter\u00e7a-feira (16) n\u00e3o arquivar a investiga\u00e7\u00e3o contra not\u00edcias falsas relacionadas a ministros da corte.<\/p>\n<p>A decis\u00e3o<a href=\"https:\/\/exame.abril.com.br\/brasil\/dodge-arquiva-inquerito-do-stf-sobre-fake-news-contra-ministros\/\"> contraria <span>a procuradora-geral da Rep\u00fablica,\u00a0<\/span>Raquel Dodge<span>, que, mais cedo, havia<\/span>\u00a0informado o arquivamento da investiga\u00e7\u00e3o.<\/a><\/p>\n<p><span>Em despacho de 4 p\u00e1ginas, o magistrado afirma que n\u00e3o h\u00e1 respaldo legal para a atitude da PGR. &#8220;O pleito de Dodge <\/span>n\u00e3o encontra qualquer respaldo legal, al\u00e9m de ser intempestivo, e, se baseando em premissas absolutamente equivocadas,\u00a0 pretender, inconstitucional e ilegalmente, interpretar o regimento da corte e anular decis\u00f5es judiciais do Supremo Tribunal Federal&#8221;, escreveu.<\/p>\n<div><a href=\"http:\/\/www.scribd.com\/doc\/406514761\" target=\"_blank\" rel=\"noopener noreferrer\">View this document on Scribd<\/a><\/div>\n<p>*Mais informa\u00e7\u00f5es em instantes.<\/p>\n<p><br \/>\n<br \/><a href=\"https:\/\/exame.abril.com.br\/brasil\/moraes-nega-determinacao-de-dodge-para-arquivar-inquerito-no-stf\/\">Fonte do Artigo <\/a><\/p>\n<p>#noticias #news #o #brasil #venezuela #n #jornalismo #a #love #like #bbb #musica #colombia #tv #blog #fofoca #mexico #gay #caracas #saopaulo #instagram #follow #not #cias #famosos #m #brazil #politica #pol #jeansobrinho<\/p>\n","protected":false},"excerpt":{"rendered":"<p>S\u00e3o Paulo \u2014 O ministro do Supremo Tribunal Federal (STF) Alexandre de Moraes decidiu nesta ter\u00e7a-feira (16) n\u00e3o arquivar a investiga\u00e7\u00e3o contra not\u00edcias falsas relacionadas a ministros da corte. A decis\u00e3o contraria a procuradora-geral da Rep\u00fablica,\u00a0Raquel Dodge, que, mais cedo, havia\u00a0informado o arquivamento da investiga\u00e7\u00e3o. Em despacho de 4 p\u00e1ginas, o magistrado afirma que n\u00e3o [&hellip;]<\/p>\n","protected":false},"author":1,"featured_media":17751,"comment_status":"open","ping_status":"open","sticky":false,"template":"","format":"standard","meta":{"footnotes":""},"categories":[339],"tags":[],"class_list":["post-17750","post","type-post","status-publish","format-standard","has-post-thumbnail","hentry","category-negocios"],"_links":{"self":[{"href":"https:\/\/wiy.com.br\/noticias\/wp-json\/wp\/v2\/posts\/17750","targetHints":{"allow":["GET"]}}],"collection":[{"href":"https:\/\/wiy.com.br\/noticias\/wp-json\/wp\/v2\/posts"}],"about":[{"href":"https:\/\/wiy.com.br\/noticias\/wp-json\/wp\/v2\/types\/post"}],"author":[{"embeddable":true,"href":"https:\/\/wiy.com.br\/noticias\/wp-json\/wp\/v2\/users\/1"}],"replies":[{"embeddable":true,"href":"https:\/\/wiy.com.br\/noticias\/wp-json\/wp\/v2\/comments?post=17750"}],"version-history":[{"count":0,"href":"https:\/\/wiy.com.br\/noticias\/wp-json\/wp\/v2\/posts\/17750\/revisions"}],"wp:featuredmedia":[{"embeddable":true,"href":"https:\/\/wiy.com.br\/noticias\/wp-json\/wp\/v2\/media\/17751"}],"wp:attachment":[{"href":"https:\/\/wiy.com.br\/noticias\/wp-json\/wp\/v2\/media?parent=17750"}],"wp:term":[{"taxonomy":"category","embeddable":true,"href":"https:\/\/wiy.com.br\/noticias\/wp-json\/wp\/v2\/categories?post=17750"},{"taxonomy":"post_tag","embeddable":true,"href":"https:\/\/wiy.com.br\/noticias\/wp-json\/wp\/v2\/tags?post=17750"}],"curies":[{"name":"wp","href":"https:\/\/api.w.org\/{rel}","templated":true}]}}