{"id":17334,"date":"2023-02-26T15:19:55","date_gmt":"2023-02-26T18:19:55","guid":{"rendered":"https:\/\/wiy.com.br\/noticias\/doria-divulga-video-com-schwarzenegger-apos-encontro-em-sp\/"},"modified":"2019-04-14T19:58:48","modified_gmt":"2019-04-14T22:58:48","slug":"doria-divulga-video-com-schwarzenegger-apos-encontro-em-sp","status":"publish","type":"post","link":"https:\/\/wiy.com.br\/noticias\/doria-divulga-video-com-schwarzenegger-apos-encontro-em-sp\/","title":{"rendered":"Doria divulga v\u00eddeo com Schwarzenegger ap\u00f3s encontro em SP"},"content":{"rendered":"<p> <br \/>\n<\/p>\n<p>O governador de S\u00e3o Paulo, Jo\u00e3o Doria, recebeu neste domingo, 14 o ator e ex-governador da Calif\u00f3rnia Arnold Schwarzenegger.<\/p>\n<p>Ap\u00f3s o encontro, o governador divulgou um v\u00eddeo em sua conta no Twitter em que o astro americano diz &#8220;Acelera, baby&#8221;, misturando o slogan de campanha de Doria (&#8220;Acelera, S\u00e3o Paulo&#8221;) e o bord\u00e3o de seu personagem nos filmes da franquia &#8220;O Exterminador do Futuro&#8221; (&#8220;Hasta la vista, baby&#8221;).<\/p>\n<div class=\"embed-twitter\">\n<blockquote class=\"twitter-tweet\" data-width=\"500\" data-dnt=\"true\">\n<p lang=\"en\" dir=\"ltr\">Um querido amigo! Schwarzenegger is in the house <img title = \"[Tags]\"decoding=\"async\" src=\"https:\/\/s0.wp.com\/wp-content\/mu-plugins\/wpcom-smileys\/twemoji\/2\/72x72\/1f44a.png\"alt = \"1f44a Doria divulga v\u00eddeo com Schwarzenegger ap\u00f3s encontro em SP\" class=\"wp-smiley\" \/><img title = \"[Tags]\"decoding=\"async\" src=\"https:\/\/s0.wp.com\/wp-content\/mu-plugins\/wpcom-smileys\/twemoji\/2\/72x72\/1f4aa.png\"alt = \"1f44a Doria divulga v\u00eddeo com Schwarzenegger ap\u00f3s encontro em SP\" class=\"wp-smiley\" \/> <a href=\"https:\/\/t.co\/rAYzhiT7vU\">pic.twitter.com\/rAYzhiT7vU<\/a><\/p>\n<p>&mdash; Jo\u00e3o Doria (@jdoriajr) <a href=\"https:\/\/twitter.com\/jdoriajr\/status\/1117478784767279104?ref_src=twsrc%5Etfw\">April 14, 2019<\/a><\/p>\n<\/blockquote>\n<\/div>\n<p>De acordo com o Pal\u00e1cio dos Bandeirantes, os dois discutiram sustentabilidade. Schwarzenegger \u00e9 o idealizador da R20 &#8211; Regions of Climate Action, uma organiza\u00e7\u00e3o ambientalista sem fins lucrativos, fundada em setembro de 2011.<\/p>\n<p>Em S\u00e3o Paulo, a entidade atua no desenvolvimento de projetos sustent\u00e1veis e apoia o Programa Munic\u00edpio Verde Azul, da Secretaria de Estado de Infraestrutura e Meio Ambiente.<\/p>\n<p>Schwarzenegger foi governador da Calif\u00f3rnia entre 2003 e 2011. Em 2017, o ator esteve em S\u00e3o Paulo e se encontrou com Doria quando o tucano ainda era prefeito da capital. Ele estava no Pa\u00eds para a quinta edi\u00e7\u00e3o do &#8220;Arnold Classic 2017&#8221;, uma das principais feiras de nutri\u00e7\u00e3o do mundo.<\/p>\n<p><script async src=\"http:\/\/platform.twitter.com\/widgets.js\" charset=\"utf-8\"><\/script><br \/>\n<br \/><br \/>\n<br \/><a href=\"https:\/\/vejasp.abril.com.br\/cidades\/doria-divulga-video-com-schwarzenegger-apos-encontro-em-sp\/\">Source link <\/a><\/p>\n","protected":false},"excerpt":{"rendered":"<p>O governador de S\u00e3o Paulo, Jo\u00e3o Doria, recebeu neste domingo, 14 o ator e ex-governador da Calif\u00f3rnia Arnold Schwarzenegger. Ap\u00f3s o encontro, o governador divulgou um v\u00eddeo em sua conta no Twitter em que o astro americano diz &#8220;Acelera, baby&#8221;, misturando o slogan de campanha de Doria (&#8220;Acelera, S\u00e3o Paulo&#8221;) e o bord\u00e3o de seu [&hellip;]<\/p>\n","protected":false},"author":1,"featured_media":17335,"comment_status":"open","ping_status":"open","sticky":false,"template":"","format":"standard","meta":{"footnotes":""},"categories":[7],"tags":[],"class_list":["post-17334","post","type-post","status-publish","format-standard","has-post-thumbnail","hentry","category-economia"],"_links":{"self":[{"href":"https:\/\/wiy.com.br\/noticias\/wp-json\/wp\/v2\/posts\/17334","targetHints":{"allow":["GET"]}}],"collection":[{"href":"https:\/\/wiy.com.br\/noticias\/wp-json\/wp\/v2\/posts"}],"about":[{"href":"https:\/\/wiy.com.br\/noticias\/wp-json\/wp\/v2\/types\/post"}],"author":[{"embeddable":true,"href":"https:\/\/wiy.com.br\/noticias\/wp-json\/wp\/v2\/users\/1"}],"replies":[{"embeddable":true,"href":"https:\/\/wiy.com.br\/noticias\/wp-json\/wp\/v2\/comments?post=17334"}],"version-history":[{"count":0,"href":"https:\/\/wiy.com.br\/noticias\/wp-json\/wp\/v2\/posts\/17334\/revisions"}],"wp:featuredmedia":[{"embeddable":true,"href":"https:\/\/wiy.com.br\/noticias\/wp-json\/wp\/v2\/media\/17335"}],"wp:attachment":[{"href":"https:\/\/wiy.com.br\/noticias\/wp-json\/wp\/v2\/media?parent=17334"}],"wp:term":[{"taxonomy":"category","embeddable":true,"href":"https:\/\/wiy.com.br\/noticias\/wp-json\/wp\/v2\/categories?post=17334"},{"taxonomy":"post_tag","embeddable":true,"href":"https:\/\/wiy.com.br\/noticias\/wp-json\/wp\/v2\/tags?post=17334"}],"curies":[{"name":"wp","href":"https:\/\/api.w.org\/{rel}","templated":true}]}}